{"id":20392,"date":"2020-01-26T20:53:09","date_gmt":"2020-01-26T23:53:09","guid":{"rendered":"https:\/\/www.radioamigavallenar.cl\/?p=20392"},"modified":"2020-01-26T20:53:10","modified_gmt":"2020-01-26T23:53:10","slug":"demanda-de-energia-aumentara-41-en-la-industria-minera-en-los-proximos-diez-anos","status":"publish","type":"post","link":"https:\/\/www.radioamigavallenar.cl\/?p=20392","title":{"rendered":"Demanda de energ\u00eda aumentar\u00e1 41% en la industria minera en los pr\u00f3ximos diez a\u00f1os"},"content":{"rendered":"\n<div class=\"wp-block-image\"><figure class=\"aligncenter size-large\"><img loading=\"lazy\" decoding=\"async\" width=\"600\" height=\"400\" src=\"https:\/\/www.radioamigavallenar.cl\/wp-content\/uploads\/2020\/01\/Foto-3-Collahusi-Molino.jpg\" alt=\"\" class=\"wp-image-20393\" srcset=\"https:\/\/www.radioamigavallenar.cl\/wp-content\/uploads\/2020\/01\/Foto-3-Collahusi-Molino.jpg 600w, https:\/\/www.radioamigavallenar.cl\/wp-content\/uploads\/2020\/01\/Foto-3-Collahusi-Molino-300x200.jpg 300w\" sizes=\"auto, (max-width: 600px) 100vw, 600px\" \/><\/figure><\/div>\n\n\n\n<p><strong>Cochilco estima que se requerir\u00eda una capacidad de generaci\u00f3n de 1.387 MW. El principal crecimiento corresponde al consumo de concentraci\u00f3n. <\/strong><\/p>\n\n\n\n<p>La energ\u00eda el\u00e9ctrica es uno de los insumos estrat\u00e9gicos en la industria minera, pues se requiere para los diversos procesos productivos y servicios. En el caso inverso tambi\u00e9n, ya que en los \u00faltimos 15 a\u00f1os la miner\u00eda del cobre ha tenido una participaci\u00f3n de un tercio en el consumo nacional de la industria energ\u00e9tica.<\/p>\n\n\n\n<p>En un informe elaborado por<strong>\u00a0<\/strong>Cochilco\u00a0sobre la proyecci\u00f3n del consumo el\u00e9ctrico en la miner\u00eda del cobre entre 2019 y 2030, se revel\u00f3 que la demanda energ\u00e9tica aumentar\u00e1 41% en dicho periodo, pasando de 23,6 TWh a 33,1 TWh. En este se estima que, para satisfacer la demanda esperada, se requerir\u00eda agregar una capacidad de generaci\u00f3n el\u00e9ctrica de 1.387 MW a 2030.<\/p>\n\n\n\n<p>\u201cEsta alza se debe principalmente, a causas estructurales, como el agotamiento de los minerales lixiviables y por ende mayor producci\u00f3n de concentrados, lo que requiere m\u00e1s agua. Tambi\u00e9n al envejecimiento de las minas, la ca\u00edda en las leyes minerales lo implica mayor mineral a procesar y consecuentemente un mayor uso de electricidad en la molienda y conminuci\u00f3n en el proceso de concentraci\u00f3n\u201d, sostuvo el director de estudios y pol\u00edticas p\u00fablicas, Jorge Cantallopts.<\/p>\n\n\n\n<p>Sin embargo, el crecimiento no ser\u00e1 uniforme. En efecto, se aprecia que este sea relativamente alto hasta 2024, a\u00f1o que alcanzar\u00eda 30,6 TWh, para luego crecer con menor rapidez hasta 2027, a\u00f1o que se esperan 33,6 TWH. Posteriormente la demanda decrecer\u00e1 levemente hasta 33,1 TWh hacia 2030.<\/p>\n\n\n\n<p>El mayor crecimiento a 2024 se explica principalmente por una menor incertidumbre con respecto a los proyectos a ejecutar. Adem\u00e1s, la menor alza esperada en el periodo 2027-2030, se debe a la menor probabilidad de materializaci\u00f3n asignada de los proyectos que actualmente no est\u00e1n en operaci\u00f3n, como por una menor producci\u00f3n en las operaciones ya existentes.<\/p>\n\n\n\n<h3 class=\"has-text-align-center wp-block-heading\">Regiones<\/h3>\n\n\n\n<p>A nivel regional, se ve que Antofagasta \u2013en l\u00ednea con su alta producci\u00f3n-, seguir\u00e1 concentrando m\u00e1s de la mitad del uso energ\u00e9tico, registrando un incremento de 30% en su consumo al 2030. En tanto, Atacama, donde actualmente se demanda cerca del 11% del consumo el\u00e9ctrico cupr\u00edfero nacional, tendr\u00e1 un aumento de 78% en el mismo periodo.<\/p>\n\n\n\n<p>Otra regi\u00f3n con un alto crecimiento en su demanda ser\u00e1 Coquimbo, pues aumentar\u00e1 su consumo en 476% al 2030. El crecimiento de la demanda corresponder\u00e1 principalmente al consumo de la concentradora, pues aumentar\u00e1 desde 57% en 2019 a 66% hacia 2030.<\/p>\n\n\n\n<p>La raz\u00f3n de esto, explic\u00f3 Cantallopts, se debe a que dicho proceso incluye los subprocesos de molienda, flotaci\u00f3n, tratamiento de relaves, recirculaci\u00f3n de aguas, y otros. \u201cY es en el proceso de molienda donde se necesita mayor electricidad (m\u00e1s del 80% de consumo de electricidad de todo el proceso concentraci\u00f3n) para dejar la roca lista para el proceso de beneficio y as\u00ed posteriormente sacar el concentrado\u201d, se\u00f1al\u00f3.<\/p>\n\n\n\n<p>El consumo energ\u00e9tico para desalaci\u00f3n e impulsi\u00f3n de agua de mar es otro proceso para el cual se proyecta un alza importante, pasando del 5% en 2019 a 10% en 2030, convirti\u00e9ndose en el segundo proceso de mayor intensidad de consumo el\u00e9ctrico.<\/p>\n","protected":false},"excerpt":{"rendered":"<p>Cochilco estima que se requerir\u00eda una capacidad de generaci\u00f3n de 1.387 MW. El principal crecimiento corresponde al consumo de concentraci\u00f3n. La energ\u00eda el\u00e9ctrica es uno&hellip; <\/p>\n","protected":false},"author":2,"featured_media":20393,"comment_status":"open","ping_status":"closed","sticky":false,"template":"","format":"standard","meta":{"footnotes":""},"categories":[7,34],"tags":[],"class_list":["post-20392","post","type-post","status-publish","format-standard","has-post-thumbnail","hentry","category-atacama","category-mineria"],"_links":{"self":[{"href":"https:\/\/www.radioamigavallenar.cl\/index.php?rest_route=\/wp\/v2\/posts\/20392","targetHints":{"allow":["GET"]}}],"collection":[{"href":"https:\/\/www.radioamigavallenar.cl\/index.php?rest_route=\/wp\/v2\/posts"}],"about":[{"href":"https:\/\/www.radioamigavallenar.cl\/index.php?rest_route=\/wp\/v2\/types\/post"}],"author":[{"embeddable":true,"href":"https:\/\/www.radioamigavallenar.cl\/index.php?rest_route=\/wp\/v2\/users\/2"}],"replies":[{"embeddable":true,"href":"https:\/\/www.radioamigavallenar.cl\/index.php?rest_route=%2Fwp%2Fv2%2Fcomments&post=20392"}],"version-history":[{"count":0,"href":"https:\/\/www.radioamigavallenar.cl\/index.php?rest_route=\/wp\/v2\/posts\/20392\/revisions"}],"wp:featuredmedia":[{"embeddable":true,"href":"https:\/\/www.radioamigavallenar.cl\/index.php?rest_route=\/wp\/v2\/media\/20393"}],"wp:attachment":[{"href":"https:\/\/www.radioamigavallenar.cl\/index.php?rest_route=%2Fwp%2Fv2%2Fmedia&parent=20392"}],"wp:term":[{"taxonomy":"category","embeddable":true,"href":"https:\/\/www.radioamigavallenar.cl\/index.php?rest_route=%2Fwp%2Fv2%2Fcategories&post=20392"},{"taxonomy":"post_tag","embeddable":true,"href":"https:\/\/www.radioamigavallenar.cl\/index.php?rest_route=%2Fwp%2Fv2%2Ftags&post=20392"}],"curies":[{"name":"wp","href":"https:\/\/api.w.org\/{rel}","templated":true}]}}