{"id":20389,"date":"2020-01-27T00:02:00","date_gmt":"2020-01-27T03:02:00","guid":{"rendered":"https:\/\/www.radioamigavallenar.cl\/?p=20389"},"modified":"2020-01-26T20:49:32","modified_gmt":"2020-01-26T23:49:32","slug":"demre-dio-a-conocer-el-listado-revisa-aqui-cuales-seran-los-locales-de-rendicion-de-la-psu","status":"publish","type":"post","link":"https:\/\/www.radioamigavallenar.cl\/?p=20389","title":{"rendered":"Demre dio a conocer el listado: Revisa aqu\u00ed cu\u00e1les ser\u00e1n los locales de rendici\u00f3n de la PSU"},"content":{"rendered":"\n<div class=\"wp-block-image\"><figure class=\"aligncenter size-large\"><img loading=\"lazy\" decoding=\"async\" width=\"800\" height=\"400\" src=\"https:\/\/www.radioamigavallenar.cl\/wp-content\/uploads\/2020\/01\/psu-2019.jpg\" alt=\"\" class=\"wp-image-20390\" srcset=\"https:\/\/www.radioamigavallenar.cl\/wp-content\/uploads\/2020\/01\/psu-2019.jpg 800w, https:\/\/www.radioamigavallenar.cl\/wp-content\/uploads\/2020\/01\/psu-2019-300x150.jpg 300w, https:\/\/www.radioamigavallenar.cl\/wp-content\/uploads\/2020\/01\/psu-2019-768x384.jpg 768w\" sizes=\"auto, (max-width: 800px) 100vw, 800px\" \/><\/figure><\/div>\n\n\n\n<p>Luego de haberse pospuesto durante la jornada del s\u00e1bado, finalmente se hizo oficial la informaci\u00f3n de las 238 sedes donde se llevar\u00e1 a cabo la prueba este s\u00e1bado y domingo.<\/p>\n\n\n\n<p>El\u00a0Departamento de\u00a0Evaluaci\u00f3n, Medici\u00f3n y Registro Educacional (Demre)\u00a0finalmente dio a conocer este domingo 26 de enero los 238 locales de rendici\u00f3n de la\u00a0Prueba de Selecci\u00f3n Universitaria (PSU).<\/p>\n\n\n\n<p>La fecha de publicaci\u00f3n de las sedes\u00a0estaba originalmente programada para el s\u00e1bado 25 de enero,\u00a0pero fue modificada durante la tarde de ese d\u00eda.<\/p>\n\n\n\n<p>De esta forma, los j\u00f3venes que rendir\u00e1n la PSU el lunes 27 y martes 28 de enero, ya pueden revisar esta informaci\u00f3n desde de las 10:00 horas de hoy, en el sitio web del Demre (<em><strong><a href=\"https:\/\/auth.demre.cl\/login?appId=ed1408bc-676a-11e8-adc0-fa7ae01bbebc\" target=\"_blank\" rel=\"noreferrer noopener\">pincha aqu\u00ed para ingresar<\/a><\/strong><\/em>), donde podr\u00e1n acceder con su usuario y contrase\u00f1a.<\/p>\n\n\n\n<p>Adem\u00e1s, el Demre aclar\u00f3 a los estudiantes que \u201ceventualmente, podr\u00edas ser asignado a una comuna o ciudad diferente a aquella en que te inscribiste originalmente\u201d.<\/p>\n\n\n\n<p>Cabe recordar que la buena parte de la rendici\u00f3n de la PSU fue suspendida los d\u00edas 6 y 7 de enero pasado, luego de diversas manifestaciones e incidentes registrados en los locales del pa\u00eds.<\/p>\n\n\n\n<p>El Demre, junto a Carabineros, anunciaron estrictas medidas de seguridad para resguardar los colegios que ser\u00e1n sedes la pr\u00f3xima semana, tras el nuevo llamado de la ACES para boicotear el proceso.<\/p>\n","protected":false},"excerpt":{"rendered":"<p>Luego de haberse pospuesto durante la jornada del s\u00e1bado, finalmente se hizo oficial la informaci\u00f3n de las 238 sedes donde se llevar\u00e1 a cabo la&hellip; <\/p>\n","protected":false},"author":2,"featured_media":20390,"comment_status":"open","ping_status":"closed","sticky":false,"template":"","format":"standard","meta":{"footnotes":""},"categories":[7,37],"tags":[],"class_list":["post-20389","post","type-post","status-publish","format-standard","has-post-thumbnail","hentry","category-atacama","category-nacional"],"_links":{"self":[{"href":"https:\/\/www.radioamigavallenar.cl\/index.php?rest_route=\/wp\/v2\/posts\/20389","targetHints":{"allow":["GET"]}}],"collection":[{"href":"https:\/\/www.radioamigavallenar.cl\/index.php?rest_route=\/wp\/v2\/posts"}],"about":[{"href":"https:\/\/www.radioamigavallenar.cl\/index.php?rest_route=\/wp\/v2\/types\/post"}],"author":[{"embeddable":true,"href":"https:\/\/www.radioamigavallenar.cl\/index.php?rest_route=\/wp\/v2\/users\/2"}],"replies":[{"embeddable":true,"href":"https:\/\/www.radioamigavallenar.cl\/index.php?rest_route=%2Fwp%2Fv2%2Fcomments&post=20389"}],"version-history":[{"count":0,"href":"https:\/\/www.radioamigavallenar.cl\/index.php?rest_route=\/wp\/v2\/posts\/20389\/revisions"}],"wp:featuredmedia":[{"embeddable":true,"href":"https:\/\/www.radioamigavallenar.cl\/index.php?rest_route=\/wp\/v2\/media\/20390"}],"wp:attachment":[{"href":"https:\/\/www.radioamigavallenar.cl\/index.php?rest_route=%2Fwp%2Fv2%2Fmedia&parent=20389"}],"wp:term":[{"taxonomy":"category","embeddable":true,"href":"https:\/\/www.radioamigavallenar.cl\/index.php?rest_route=%2Fwp%2Fv2%2Fcategories&post=20389"},{"taxonomy":"post_tag","embeddable":true,"href":"https:\/\/www.radioamigavallenar.cl\/index.php?rest_route=%2Fwp%2Fv2%2Ftags&post=20389"}],"curies":[{"name":"wp","href":"https:\/\/api.w.org\/{rel}","templated":true}]}}