{"id":20380,"date":"2020-01-27T00:00:00","date_gmt":"2020-01-27T03:00:00","guid":{"rendered":"https:\/\/www.radioamigavallenar.cl\/?p=20380"},"modified":"2020-01-26T20:45:09","modified_gmt":"2020-01-26T23:45:09","slug":"ministro-prokurica-sostuvo-primera-reunion-del-ano-junto-a-dirigentes-de-la-pequena-mineria","status":"publish","type":"post","link":"https:\/\/www.radioamigavallenar.cl\/?p=20380","title":{"rendered":"Ministro Prokurica sostuvo primera reuni\u00f3n del a\u00f1o junto a dirigentes de la peque\u00f1a miner\u00eda"},"content":{"rendered":"\n<div class=\"wp-block-image\"><figure class=\"aligncenter size-large\"><img loading=\"lazy\" decoding=\"async\" width=\"1024\" height=\"682\" src=\"https:\/\/www.radioamigavallenar.cl\/wp-content\/uploads\/2020\/01\/Reuni\u00f3n-1-1-1024x682.jpeg\" alt=\"\" class=\"wp-image-20381\" srcset=\"https:\/\/www.radioamigavallenar.cl\/wp-content\/uploads\/2020\/01\/Reuni\u00f3n-1-1-1024x682.jpeg 1024w, https:\/\/www.radioamigavallenar.cl\/wp-content\/uploads\/2020\/01\/Reuni\u00f3n-1-1-300x200.jpeg 300w, https:\/\/www.radioamigavallenar.cl\/wp-content\/uploads\/2020\/01\/Reuni\u00f3n-1-1-768x512.jpeg 768w, https:\/\/www.radioamigavallenar.cl\/wp-content\/uploads\/2020\/01\/Reuni\u00f3n-1-1.jpeg 1280w\" sizes=\"auto, (max-width: 1024px) 100vw, 1024px\" \/><\/figure><\/div>\n\n\n\n<p><strong>En la cita, desarrollada en dependencias de la Sociedad Nacional de Miner\u00eda (Sonami), la autoridad destac\u00f3 el convenio en que grandes compa\u00f1\u00edas realizan traspasos a peque\u00f1os mineros.<\/strong><\/p>\n\n\n\n<p>El ministro de Miner\u00eda, Baldo Prokurica, destac\u00f3 \u2013en el marco de la gesti\u00f3n 2019- el trabajo que la cartera realiza en conjunto con la peque\u00f1a y gran miner\u00eda para llevar adelante el convenio de transferencia de espacios, que fomentan el desarrollo de la actividad.<\/p>\n\n\n\n<p>La autoridad, quien encabez\u00f3 la primera reuni\u00f3n del a\u00f1o con la Sonami, y donde tambi\u00e9n particip\u00f3 el vicepresidente de ENAMI, Robert Mayne-Nicholls, asegur\u00f3 que \u201cla miner\u00eda es una actividad extraordinariamente solidaria. 13 de las grandes empresas mineras de Chile han firmado este convenio al que se ha sumado Codelco para los efectos de transferir estas pertenencias: arrendar en valores simb\u00f3licos, y permitir que la peque\u00f1a miner\u00eda tenga espacios para poder trabajar en esta \u00e1rea\u201d.<\/p>\n\n\n\n<p>En tanto, el vicepresidente de Sonami, Francisco Araya, valor\u00f3 la iniciativa del Ministro de Miner\u00eda y destac\u00f3 la importancia que para el sector tiene poder acceder a propiedad minera fresca: \u201creconocemos el esfuerzo de ENAMI en su ejecuci\u00f3n y esperamos que todas las empresas puedan sumarse a esta innovadora iniciativa\u201d.<\/p>\n\n\n\n<p>Anuncios para los productores<\/p>\n\n\n\n<p>En la reuni\u00f3n, el secretario de Estado entreg\u00f3 lineamientos sobre el trabajo que se est\u00e1 realizando para impulsar la Pol\u00edtica Nacional Minera, as\u00ed como tambi\u00e9n el incremento del presupuesto para recursos que beneficiar\u00e1n a los medianos y peque\u00f1os productores.<\/p>\n\n\n\n<p>En ese sentido, el ministro Baldo Prokurica asegur\u00f3 que \u201cestamos aumentando en 11 por ciento los recursos del PAMMA, pero adem\u00e1s estamos extendiendo el apoyo que el Gobierno entrega a la peque\u00f1a miner\u00eda con los recursos del FNDR de seis a 15 regiones\u201d.<\/p>\n\n\n\n<p>Durante el encuentro, los dirigentes manifestaron distintas inquietudes del sector a las autoridades, y debatieron sobre temas como la planta standard y la sustentaci\u00f3n de tarifas.<\/p>\n","protected":false},"excerpt":{"rendered":"<p>En la cita, desarrollada en dependencias de la Sociedad Nacional de Miner\u00eda (Sonami), la autoridad destac\u00f3 el convenio en que grandes compa\u00f1\u00edas realizan traspasos a&hellip; <\/p>\n","protected":false},"author":2,"featured_media":20381,"comment_status":"open","ping_status":"closed","sticky":false,"template":"","format":"standard","meta":{"footnotes":""},"categories":[7,34],"tags":[],"class_list":["post-20380","post","type-post","status-publish","format-standard","has-post-thumbnail","hentry","category-atacama","category-mineria"],"_links":{"self":[{"href":"https:\/\/www.radioamigavallenar.cl\/index.php?rest_route=\/wp\/v2\/posts\/20380","targetHints":{"allow":["GET"]}}],"collection":[{"href":"https:\/\/www.radioamigavallenar.cl\/index.php?rest_route=\/wp\/v2\/posts"}],"about":[{"href":"https:\/\/www.radioamigavallenar.cl\/index.php?rest_route=\/wp\/v2\/types\/post"}],"author":[{"embeddable":true,"href":"https:\/\/www.radioamigavallenar.cl\/index.php?rest_route=\/wp\/v2\/users\/2"}],"replies":[{"embeddable":true,"href":"https:\/\/www.radioamigavallenar.cl\/index.php?rest_route=%2Fwp%2Fv2%2Fcomments&post=20380"}],"version-history":[{"count":0,"href":"https:\/\/www.radioamigavallenar.cl\/index.php?rest_route=\/wp\/v2\/posts\/20380\/revisions"}],"wp:featuredmedia":[{"embeddable":true,"href":"https:\/\/www.radioamigavallenar.cl\/index.php?rest_route=\/wp\/v2\/media\/20381"}],"wp:attachment":[{"href":"https:\/\/www.radioamigavallenar.cl\/index.php?rest_route=%2Fwp%2Fv2%2Fmedia&parent=20380"}],"wp:term":[{"taxonomy":"category","embeddable":true,"href":"https:\/\/www.radioamigavallenar.cl\/index.php?rest_route=%2Fwp%2Fv2%2Fcategories&post=20380"},{"taxonomy":"post_tag","embeddable":true,"href":"https:\/\/www.radioamigavallenar.cl\/index.php?rest_route=%2Fwp%2Fv2%2Ftags&post=20380"}],"curies":[{"name":"wp","href":"https:\/\/api.w.org\/{rel}","templated":true}]}}