{"id":20368,"date":"2020-01-25T00:00:00","date_gmt":"2020-01-25T03:00:00","guid":{"rendered":"https:\/\/www.radioamigavallenar.cl\/?p=20368"},"modified":"2020-01-24T20:25:13","modified_gmt":"2020-01-24T23:25:13","slug":"codelco-solicita-permisos-ambientales-para-iniciar-exploracion-de-litio-en-salar-maricunga","status":"publish","type":"post","link":"https:\/\/www.radioamigavallenar.cl\/?p=20368","title":{"rendered":"Codelco solicita permisos ambientales para iniciar exploraci\u00f3n de litio en Salar Maricunga"},"content":{"rendered":"\n<div class=\"wp-block-image\"><figure class=\"aligncenter size-large\"><img loading=\"lazy\" decoding=\"async\" width=\"750\" height=\"400\" src=\"https:\/\/www.radioamigavallenar.cl\/wp-content\/uploads\/2020\/01\/salar-maricunga-750x400-1.jpg\" alt=\"\" class=\"wp-image-20369\" srcset=\"https:\/\/www.radioamigavallenar.cl\/wp-content\/uploads\/2020\/01\/salar-maricunga-750x400-1.jpg 750w, https:\/\/www.radioamigavallenar.cl\/wp-content\/uploads\/2020\/01\/salar-maricunga-750x400-1-300x160.jpg 300w\" sizes=\"auto, (max-width: 750px) 100vw, 750px\" \/><figcaption>Salar de Maricunga Vista Posterior\nGeoreferencia:\n26\u00b051&#8217;49.34&#8243;S\n69\u00b0 2&#8217;11.82&#8243;W<\/figcaption><\/figure><\/div>\n\n\n\n<p>La minera estatal chilena\u00a0Codelco, principal productora de cobre mundial, solicit\u00f3 este viernes los permisos ambientales para iniciar las actividades de exploraci\u00f3n en un reservorio de litio en el\u00a0Salar Maricunga, ubicada en el norte de Chile.<\/p>\n\n\n\n<p>Codelco, responsable del 11% de la oferta mundial de cobre, \u201cingreso al Sistema de Evaluaci\u00f3n de Impacto Ambiental (SEIA) una Declaraci\u00f3n de Impacto Ambiental (DIA) para concretar actividades exploratorias en sus pertenencias mineras ubicadas en el Salar de Maricunga\u201d, en la regi\u00f3n de Atacama, indic\u00f3 un comunicado de la minera.<\/p>\n\n\n\n<p> De esta manera,\u00a0Codelco inicia su primera experiencia en el rubro del litio, metal codiciado en el mercado mundial principalmente para la producci\u00f3n de bater\u00edas, sobre todo para el desarrollo de autos y buses el\u00e9ctricos. Su demanda sube anualmente un 20% y Chile es uno de los mayores productores con reservas equivalentes al 57,4% del total. <\/p>\n\n\n\n<p> Seg\u00fan explica el sitio de recomendaciones tur\u00edsticas Atacama Go, el Sala Maricunga \u201cse ubica camino al paso fronterizo de San Francisco. Est\u00e1 a una altitud de 3.756 metros sobre el nivel del mar y a unos 179 km desde la capital regional Copiap\u00f3. Cubre 8 mil hect\u00e1reas de superficie aproximadamente.\u00a0Es el salar m\u00e1s austral de Chile.\u00a0Se origin\u00f3 en una cuenca cerrada que fue originada por el cruce o nudo de las cordilleras Claudio Gay y Domeyko y al no tener salida al mar se concentra la sal cuando se evapora el agua. Est\u00e1 al frente del complejo fronterizo formado por la aduana, Carabineros de Chile y el SAG. Solo el sector sur de este Salar es parte del Parque Nacional Nevado Tres Cruces. Es peligroso ingresar en veh\u00edculo, debido a lo pantanoso del salar. <\/p>\n\n\n\n<p>En esta fase de exploraci\u00f3n, Codelco \u201crecopilar\u00e1 informaci\u00f3n\u201d para estimar el potencial de recursos de litio que existen en este salar. Esta tarea se extender\u00e1 por aproximadamente diez meses.<\/p>\n\n\n\n<p>Se desarrollar\u00e1 una \u201ccaracterizaci\u00f3n robusta en aspectos hidrogeol\u00f3gicos de las salmueras\u201d lo que permitir\u00e1 \u201creconocer las concentraciones de litio y otros elementos necesarios para decidir el avance hacia nuevas etapas de estudio de este proyecto\u201d, indic\u00f3 Codelco.<\/p>\n\n\n\n<p>En base a una pol\u00edtica de litio adoptada por el estado chileno para beneficiar al pa\u00eds con su producci\u00f3n, Codelco firm\u00f3 un acuerdo en agosto del a\u00f1o pasado con la minera Salar Blanco para realizar los estudios de manera conjunta.<\/p>\n\n\n\n<p>De concretarse el proyecto, se tratar\u00eda de la tercera operaci\u00f3n de litio que se realiza en Chile, tras las ya instaladas que realizan la minera chilena SQM y la estadounidense Albemarle.<\/p>\n\n\n\n<p>En Maricunga, Salar Blanco ha identificado recursos por 2,15 millones de toneladas de carbonato de litio.<\/p>\n\n\n\n<p>En la actualidad, las operaciones de litio se realizan solo en el Salar de Atacama, bajo regulaciones estatales.<\/p>\n\n\n\n<p>Chile produjo en 2018 unas 96.000 toneladas de carbonato de litio equivalente. Al a\u00f1o 2023, seg\u00fan estimaciones del Ministerio de Miner\u00eda, la producci\u00f3n deber\u00eda alcanzar las 230.000 toneladas.<\/p>\n\n\n\n<p><\/p>\n","protected":false},"excerpt":{"rendered":"<p>La minera estatal chilena\u00a0Codelco, principal productora de cobre mundial, solicit\u00f3 este viernes los permisos ambientales para iniciar las actividades de exploraci\u00f3n en un reservorio de&hellip; <\/p>\n","protected":false},"author":2,"featured_media":20369,"comment_status":"open","ping_status":"closed","sticky":false,"template":"","format":"standard","meta":{"footnotes":""},"categories":[7,34,37],"tags":[],"class_list":["post-20368","post","type-post","status-publish","format-standard","has-post-thumbnail","hentry","category-atacama","category-mineria","category-nacional"],"_links":{"self":[{"href":"https:\/\/www.radioamigavallenar.cl\/index.php?rest_route=\/wp\/v2\/posts\/20368","targetHints":{"allow":["GET"]}}],"collection":[{"href":"https:\/\/www.radioamigavallenar.cl\/index.php?rest_route=\/wp\/v2\/posts"}],"about":[{"href":"https:\/\/www.radioamigavallenar.cl\/index.php?rest_route=\/wp\/v2\/types\/post"}],"author":[{"embeddable":true,"href":"https:\/\/www.radioamigavallenar.cl\/index.php?rest_route=\/wp\/v2\/users\/2"}],"replies":[{"embeddable":true,"href":"https:\/\/www.radioamigavallenar.cl\/index.php?rest_route=%2Fwp%2Fv2%2Fcomments&post=20368"}],"version-history":[{"count":0,"href":"https:\/\/www.radioamigavallenar.cl\/index.php?rest_route=\/wp\/v2\/posts\/20368\/revisions"}],"wp:featuredmedia":[{"embeddable":true,"href":"https:\/\/www.radioamigavallenar.cl\/index.php?rest_route=\/wp\/v2\/media\/20369"}],"wp:attachment":[{"href":"https:\/\/www.radioamigavallenar.cl\/index.php?rest_route=%2Fwp%2Fv2%2Fmedia&parent=20368"}],"wp:term":[{"taxonomy":"category","embeddable":true,"href":"https:\/\/www.radioamigavallenar.cl\/index.php?rest_route=%2Fwp%2Fv2%2Fcategories&post=20368"},{"taxonomy":"post_tag","embeddable":true,"href":"https:\/\/www.radioamigavallenar.cl\/index.php?rest_route=%2Fwp%2Fv2%2Ftags&post=20368"}],"curies":[{"name":"wp","href":"https:\/\/api.w.org\/{rel}","templated":true}]}}