{"id":20359,"date":"2020-01-25T00:00:00","date_gmt":"2020-01-25T03:00:00","guid":{"rendered":"https:\/\/www.radioamigavallenar.cl\/?p=20359"},"modified":"2020-01-24T20:17:46","modified_gmt":"2020-01-24T23:17:46","slug":"comision-de-trabajo-despacha-reforma-de-pensiones-sin-incluir-alza-del-6-en-cotizacion-individual","status":"publish","type":"post","link":"https:\/\/www.radioamigavallenar.cl\/?p=20359","title":{"rendered":"Comisi\u00f3n de Trabajo despacha Reforma de Pensiones sin incluir alza del 6% en cotizaci\u00f3n individual"},"content":{"rendered":"\n<div class=\"wp-block-image\"><figure class=\"aligncenter size-large\"><img loading=\"lazy\" decoding=\"async\" width=\"750\" height=\"400\" src=\"https:\/\/www.radioamigavallenar.cl\/wp-content\/uploads\/2020\/01\/a_uno_1149629-750x400-1.jpg\" alt=\"\" class=\"wp-image-20360\" srcset=\"https:\/\/www.radioamigavallenar.cl\/wp-content\/uploads\/2020\/01\/a_uno_1149629-750x400-1.jpg 750w, https:\/\/www.radioamigavallenar.cl\/wp-content\/uploads\/2020\/01\/a_uno_1149629-750x400-1-300x160.jpg 300w\" sizes=\"auto, (max-width: 750px) 100vw, 750px\" \/><\/figure><\/div>\n\n\n\n<p>La Comisi\u00f3n de Trabajo de la C\u00e1mara de Diputados\u00a0despach\u00f3 a la Sala el proyecto de reforma de pensiones, sin el incremento del 6% de la cotizaci\u00f3n adicional\u00a0a cargo del empleador.<\/p>\n\n\n\n<p>El anterior, era el art\u00edculo principal que hab\u00eda incluido el Ejecutivo en el marco de la tramitaci\u00f3n de la normativa, pero no alcanz\u00f3 la mayor\u00eda necesaria al registrarse un resultado de seis votos a favor, seis en contra y una abstenci\u00f3n.<\/p>\n\n\n\n<p>Lo que propon\u00eda el\u00a0Gobierno es que del aumento del 6%, un 3% vaya a un fondo de capitalizaci\u00f3n individual con cargo al empleador y el restante a un fondo solidario. En respuesta la oposici\u00f3n impuls\u00f3 una iniciativa para que el porcentaje que destine \u00edntegramente a un fondo solidario.<\/p>\n\n\n\n<p>Esa diferencia signific\u00f3 que la comisi\u00f3n, que preside la diputada Gael Yeomans (CS), decidiera votar en bloque las indicaciones del Gobierno a esta iniciativa, referidas a la cotizaci\u00f3n.<\/p>\n\n\n\n<p>De igual forma, se\u00a0rechaz\u00f3 el punto de incorporar a las cooperativas como posibles administradoras de los fondos previsionales.<\/p>\n\n\n\n<p>Al respecto, la diputada Yeomans se\u00f1al\u00f3 que la raz\u00f3n por la cual se vot\u00f3 en contra de la cotizaci\u00f3n del 6% responde a que\u00a0\u201cel Gobierno no quiere destinarlo por completo a solidaridad\u201d.<\/p>\n\n\n\n<p>\u201cEl proyecto obliga votar a favor de subir a 13% la capitalizaci\u00f3n individual y estamos por un sistema solidario. Esta reforma perpet\u00faa el negocio, no entrega pensiones dignas\u201d, sostuvo la parlamentaria.<\/p>\n\n\n\n<p> Junto a ello, agreg\u00f3 que \u201cnosotros no \u00edbamos a estar disponibles para el aumento de la capitalizaci\u00f3n individual como sistema entendiendo cu\u00e1les son las consecuencias de un sistema tan depredador como es el Chile, pensiones miserables, y no queremos eso para los ciudadanos y ciudadanas de nuestro pa\u00eds\u201d. <\/p>\n\n\n\n<p>La\u00a0ministra del Trabajo, Mar\u00eda Jos\u00e9 Zald\u00edvar,\u00a0lament\u00f3 la determinaci\u00f3n de la comisi\u00f3n y expres\u00f3 que \u201clo que se est\u00e1 haciendo es un punto pol\u00edtico; me indican que esto se puede arreglar despu\u00e9s, pero a mi me complica un poco ese concepto de arreglar las cosas despu\u00e9s, porque estamos hablando de las necesidades de las personas que son bien urgentes.\u00a0Nos encantar\u00eda poder haberle dicho a la gente que estaba mas cerca la posibilidad de que sus pensiones aumentaran\u201d.<\/p>\n\n\n\n<p>Cabe recordar que la propuesta establece un Pilar Solidario, un Pilar de Ahorro Individual financiado por trabajadores y empleadores; y un Pilar del Ahorro Colectivo y Solidario, financiado por los empleadores y tambi\u00e9n con un aporte inicial del Estado.<\/p>\n\n\n\n<p>Con esto, la reforma de pensiones se despacha a la Comisi\u00f3n de Hacienda, donde comenzar\u00e1 a analizarse el lunes, para luego Senado.<\/p>\n","protected":false},"excerpt":{"rendered":"<p>La Comisi\u00f3n de Trabajo de la C\u00e1mara de Diputados\u00a0despach\u00f3 a la Sala el proyecto de reforma de pensiones, sin el incremento del 6% de la&hellip; <\/p>\n","protected":false},"author":2,"featured_media":20360,"comment_status":"open","ping_status":"closed","sticky":false,"template":"","format":"standard","meta":{"footnotes":""},"categories":[37],"tags":[],"class_list":["post-20359","post","type-post","status-publish","format-standard","has-post-thumbnail","hentry","category-nacional"],"_links":{"self":[{"href":"https:\/\/www.radioamigavallenar.cl\/index.php?rest_route=\/wp\/v2\/posts\/20359","targetHints":{"allow":["GET"]}}],"collection":[{"href":"https:\/\/www.radioamigavallenar.cl\/index.php?rest_route=\/wp\/v2\/posts"}],"about":[{"href":"https:\/\/www.radioamigavallenar.cl\/index.php?rest_route=\/wp\/v2\/types\/post"}],"author":[{"embeddable":true,"href":"https:\/\/www.radioamigavallenar.cl\/index.php?rest_route=\/wp\/v2\/users\/2"}],"replies":[{"embeddable":true,"href":"https:\/\/www.radioamigavallenar.cl\/index.php?rest_route=%2Fwp%2Fv2%2Fcomments&post=20359"}],"version-history":[{"count":0,"href":"https:\/\/www.radioamigavallenar.cl\/index.php?rest_route=\/wp\/v2\/posts\/20359\/revisions"}],"wp:featuredmedia":[{"embeddable":true,"href":"https:\/\/www.radioamigavallenar.cl\/index.php?rest_route=\/wp\/v2\/media\/20360"}],"wp:attachment":[{"href":"https:\/\/www.radioamigavallenar.cl\/index.php?rest_route=%2Fwp%2Fv2%2Fmedia&parent=20359"}],"wp:term":[{"taxonomy":"category","embeddable":true,"href":"https:\/\/www.radioamigavallenar.cl\/index.php?rest_route=%2Fwp%2Fv2%2Fcategories&post=20359"},{"taxonomy":"post_tag","embeddable":true,"href":"https:\/\/www.radioamigavallenar.cl\/index.php?rest_route=%2Fwp%2Fv2%2Ftags&post=20359"}],"curies":[{"name":"wp","href":"https:\/\/api.w.org\/{rel}","templated":true}]}}