{"id":20283,"date":"2020-01-23T00:00:00","date_gmt":"2020-01-23T03:00:00","guid":{"rendered":"https:\/\/www.radioamigavallenar.cl\/?p=20283"},"modified":"2020-01-22T20:53:23","modified_gmt":"2020-01-22T23:53:23","slug":"diputada-cicardini-lamento-rechazo-a-reposicion-de-voto-obligatorio-subrayando-que-le-conviene-a-quienes-quieren-que-siga-todo-igual","status":"publish","type":"post","link":"https:\/\/www.radioamigavallenar.cl\/?p=20283","title":{"rendered":"Diputada Cicardini lament\u00f3 rechazo a reposici\u00f3n de voto obligatorio subrayando que \u201cle conviene a quienes quieren que siga todo igual\u201d"},"content":{"rendered":"\n<div class=\"wp-block-image\"><figure class=\"aligncenter size-large\"><img loading=\"lazy\" decoding=\"async\" width=\"750\" height=\"400\" src=\"https:\/\/www.radioamigavallenar.cl\/wp-content\/uploads\/2020\/01\/daniella-cicardini.jpg\" alt=\"\" class=\"wp-image-20284\" srcset=\"https:\/\/www.radioamigavallenar.cl\/wp-content\/uploads\/2020\/01\/daniella-cicardini.jpg 750w, https:\/\/www.radioamigavallenar.cl\/wp-content\/uploads\/2020\/01\/daniella-cicardini-300x160.jpg 300w\" sizes=\"auto, (max-width: 750px) 100vw, 750px\" \/><\/figure><\/div>\n\n\n\n<p><strong>Se\u00f1alando que \u201ceste resultado solo le sirve y conviene a quienes quieren que siga todo igual\u201d, reaccion\u00f3 la diputada por Atacama, Daniella Cicardini, tras el rechazo al proyecto de reposici\u00f3n del voto obligatorio en la C\u00e1mara de Diputados, por 89 votos a favor, 44 en contra y 15 abstenciones, lo que impidi\u00f3 alcanzar el quorum de 3\/5 para permitir el avance de la iniciativa.<\/strong><\/p>\n\n\n\n<p>La legisladora, parte de los parlamentarios autores del proyecto, indic\u00f3 que \u201cde verdad lamento esta votaci\u00f3n, porque \u00fanicamente le conviene y le sirve justamente a quienes forman parte de los sectores m\u00e1s privilegiados e informados del pa\u00eds, que viven en algunas de las comunas con mayores recursos; que s\u00ed participan masivamente en las elecciones, y a los que les conviene que siga la baja participaci\u00f3n electoral para que todo siga igual, y porque saben lo que se juega en el plebiscito del 26 de abril y en el proceso por una nueva Constituci\u00f3n\u201d, enfatiz\u00f3.<\/p>\n\n\n\n<p>\u201cAc\u00e1 el gobierno, la derecha y la mayor parte de sus parlamentarios, que representan en gran medida a ese sector, votaron pensando en su propio inter\u00e9s y sacando c\u00e1lculos pol\u00edticos, y no en fortalecer e incentivar la participaci\u00f3n ciudadana en el plebiscito y en un proceso constituyente que lo que m\u00e1s requiere es legitimidad, para que las decisiones que all\u00ed se expresen y se tomen sean incuestionables y den la estabilidad que nuestro pa\u00eds tanto necesita\u201d, agreg\u00f3 Cicardini.<\/p>\n\n\n\n<p>Junto con se\u00f1alar que insistir\u00e1n en la iniciativa a trav\u00e9s de un nuevo proyecto, record\u00f3 que la idea de reponer el voto obligatorio surge \u201ctras constatar el error y el fracaso del voto voluntario, que desde el inicio de su aplicaci\u00f3n en 2012, y sumado a la crisis de muchas instituciones, ha significado una baja sostenida en la participaci\u00f3n, en donde en la \u00faltima elecci\u00f3n presidencial particip\u00f3 un 46%, es decir menos de la mitad de los chilenos y chilenas\u201d, argument\u00f3.<\/p>\n\n\n\n<p>En esa l\u00ednea, la diputada Cicardini indic\u00f3 que \u201cla tremenda relevancia del proceso que viene y el momento que vive nuestro pa\u00eds, requiere que todas y todos nos hagamos parte, porque as\u00ed como apoyamos totalmente la demandas sociales y por derechos de la gente movilizada, tambi\u00e9n creemos que todos tenemos el deber de ser parte de la soluci\u00f3n a esta crisis, y que as\u00ed como la gente ha sido protagonista en las calles, que sea protagonista y decida tambi\u00e9n en las urnas y que nuestra democracia salga finalmente fortalecida\u201d, concluy\u00f3.<\/p>\n","protected":false},"excerpt":{"rendered":"<p>Se\u00f1alando que \u201ceste resultado solo le sirve y conviene a quienes quieren que siga todo igual\u201d, reaccion\u00f3 la diputada por Atacama, Daniella Cicardini, tras el&hellip; <\/p>\n","protected":false},"author":2,"featured_media":20284,"comment_status":"open","ping_status":"closed","sticky":false,"template":"","format":"standard","meta":{"footnotes":""},"categories":[7,37],"tags":[],"class_list":["post-20283","post","type-post","status-publish","format-standard","has-post-thumbnail","hentry","category-atacama","category-nacional"],"_links":{"self":[{"href":"https:\/\/www.radioamigavallenar.cl\/index.php?rest_route=\/wp\/v2\/posts\/20283","targetHints":{"allow":["GET"]}}],"collection":[{"href":"https:\/\/www.radioamigavallenar.cl\/index.php?rest_route=\/wp\/v2\/posts"}],"about":[{"href":"https:\/\/www.radioamigavallenar.cl\/index.php?rest_route=\/wp\/v2\/types\/post"}],"author":[{"embeddable":true,"href":"https:\/\/www.radioamigavallenar.cl\/index.php?rest_route=\/wp\/v2\/users\/2"}],"replies":[{"embeddable":true,"href":"https:\/\/www.radioamigavallenar.cl\/index.php?rest_route=%2Fwp%2Fv2%2Fcomments&post=20283"}],"version-history":[{"count":0,"href":"https:\/\/www.radioamigavallenar.cl\/index.php?rest_route=\/wp\/v2\/posts\/20283\/revisions"}],"wp:featuredmedia":[{"embeddable":true,"href":"https:\/\/www.radioamigavallenar.cl\/index.php?rest_route=\/wp\/v2\/media\/20284"}],"wp:attachment":[{"href":"https:\/\/www.radioamigavallenar.cl\/index.php?rest_route=%2Fwp%2Fv2%2Fmedia&parent=20283"}],"wp:term":[{"taxonomy":"category","embeddable":true,"href":"https:\/\/www.radioamigavallenar.cl\/index.php?rest_route=%2Fwp%2Fv2%2Fcategories&post=20283"},{"taxonomy":"post_tag","embeddable":true,"href":"https:\/\/www.radioamigavallenar.cl\/index.php?rest_route=%2Fwp%2Fv2%2Ftags&post=20283"}],"curies":[{"name":"wp","href":"https:\/\/api.w.org\/{rel}","templated":true}]}}