{"id":20265,"date":"2020-01-23T00:00:00","date_gmt":"2020-01-23T03:00:00","guid":{"rendered":"https:\/\/www.radioamigavallenar.cl\/?p=20265"},"modified":"2020-01-22T20:45:03","modified_gmt":"2020-01-22T23:45:03","slug":"regionalistas-llamaran-a-movilizaciones-en-febrero-si-se-insiste-en-postergar-eleccion-de-gobernadores-regionales","status":"publish","type":"post","link":"https:\/\/www.radioamigavallenar.cl\/?p=20265","title":{"rendered":"Regionalistas llamar\u00e1n a movilizaciones en febrero si se insiste en postergar elecci\u00f3n de gobernadores regionales"},"content":{"rendered":"\n<div class=\"wp-block-image\"><figure class=\"aligncenter size-large\"><img loading=\"lazy\" decoding=\"async\" width=\"1024\" height=\"683\" src=\"https:\/\/www.radioamigavallenar.cl\/wp-content\/uploads\/2020\/01\/Jaime-Mulet-1.jpg\" alt=\"\" class=\"wp-image-20266\" srcset=\"https:\/\/www.radioamigavallenar.cl\/wp-content\/uploads\/2020\/01\/Jaime-Mulet-1.jpg 1024w, https:\/\/www.radioamigavallenar.cl\/wp-content\/uploads\/2020\/01\/Jaime-Mulet-1-300x200.jpg 300w, https:\/\/www.radioamigavallenar.cl\/wp-content\/uploads\/2020\/01\/Jaime-Mulet-1-768x512.jpg 768w\" sizes=\"auto, (max-width: 1024px) 100vw, 1024px\" \/><\/figure><\/div>\n\n\n\n<p class=\"has-text-align-center\">El anuncio lo realiz\u00f3 el Diputado Jaime Mulet.<\/p>\n\n\n\n<p>El diputado y presidente de la Federaci\u00f3n Regionalista Verde Social, Jaime Mulet,&nbsp;sali\u00f3 al paso de la postura del directorio la Asociaci\u00f3n Chilena de Municipalidades (AChM), quienes plantearon que \u201cno est\u00e1n las condiciones para realizar la elecci\u00f3n de gobernadores regionales este a\u00f1o\u201d, calific\u00e1ndolo como \u201cun golpe blanco\u201d en \u201cun acuerdo t\u00e1cito con Subdere\u201d, y anunci\u00f3 movilizaciones para la primera semana de febrero.<\/p>\n\n\n\n<p>Al respecto, se\u00f1al\u00f3 que \u201csin duda es una muy mala noticia la que hemos recibido que sean ahora un grupo de alcaldes los que aparezcan poniendo nuevamente en tela de juicio la posibilidad de elegir los gobernadores este a\u00f1o y peor a\u00fan que ahora el gobierno tambi\u00e9n se abra a esta posibilidad como ha planteado el subsecretario Claudio Alvarado. Para nosotros los Regionalistas obviamente la elecci\u00f3n de los gobernadores es muy relevante porque indica una profundizaci\u00f3n de la democracia\u201d.<\/p>\n\n\n\n<p>\u201cEste es un verdadero golpe blanco que est\u00e1n haciendo los alcaldes, fundamentalmente de la Regi\u00f3n Metropolitana, principalmente de derecha, pero tambi\u00e9n de otros partidos, a nuestro juicio es extremadamente grave. Creo que el gobierno est\u00e1 siendo complaciente y de alguna manera hay una especie de gobierno t\u00e1cito, impl\u00edcito entre la Subdere y los alcaldes para tratar de desviar el foco de los problemas que tienen los municipios y de alguna manera suspender o postergar la elecci\u00f3n de los gobernadores regionales, es muy grave. Nosotros lo vemos como un verdadero golpe blanco y vamos a llamar los Regionalistas Verdes, invitando a todos los otros parlamentarios regionalistas de todas las fuerzas pol\u00edticas, a movilizar todas las regiones de Chile para oponernos a esta pretensi\u00f3n del gobierno de suspender la elecci\u00f3n de los gobernadores regionales, porque nos parece muy grave. Es un atentado a la democracia\u201d<\/p>\n\n\n\n<p>Finalmente Mulet hizo un llamado a la reconsideraci\u00f3n, se\u00f1alando que \u201cespero que los alcaldes entiendan bien la necesidad de esta reforma que lleva ya varios a\u00f1os y que es absolutamente importante para darle grados de autonom\u00eda con recursos a todas las regiones de nuestro pa\u00eds. Las regiones no pueden seguir en este centralismo extremo donde que todo se resuelve en Santiago, pues todos sabemos que hay temas ambientales, hay temas econ\u00f3micos, hay temas sociales en que las regiones lo ven mucho mejor que el centralismo asfixiante tan tradicional y tan fatal para Chile\u201d, concluy\u00f3.<\/p>\n","protected":false},"excerpt":{"rendered":"<p>El anuncio lo realiz\u00f3 el Diputado Jaime Mulet. El diputado y presidente de la Federaci\u00f3n Regionalista Verde Social, Jaime Mulet,&nbsp;sali\u00f3 al paso de la postura&hellip; <\/p>\n","protected":false},"author":2,"featured_media":20266,"comment_status":"open","ping_status":"closed","sticky":false,"template":"","format":"standard","meta":{"footnotes":""},"categories":[7,37],"tags":[],"class_list":["post-20265","post","type-post","status-publish","format-standard","has-post-thumbnail","hentry","category-atacama","category-nacional"],"_links":{"self":[{"href":"https:\/\/www.radioamigavallenar.cl\/index.php?rest_route=\/wp\/v2\/posts\/20265","targetHints":{"allow":["GET"]}}],"collection":[{"href":"https:\/\/www.radioamigavallenar.cl\/index.php?rest_route=\/wp\/v2\/posts"}],"about":[{"href":"https:\/\/www.radioamigavallenar.cl\/index.php?rest_route=\/wp\/v2\/types\/post"}],"author":[{"embeddable":true,"href":"https:\/\/www.radioamigavallenar.cl\/index.php?rest_route=\/wp\/v2\/users\/2"}],"replies":[{"embeddable":true,"href":"https:\/\/www.radioamigavallenar.cl\/index.php?rest_route=%2Fwp%2Fv2%2Fcomments&post=20265"}],"version-history":[{"count":0,"href":"https:\/\/www.radioamigavallenar.cl\/index.php?rest_route=\/wp\/v2\/posts\/20265\/revisions"}],"wp:featuredmedia":[{"embeddable":true,"href":"https:\/\/www.radioamigavallenar.cl\/index.php?rest_route=\/wp\/v2\/media\/20266"}],"wp:attachment":[{"href":"https:\/\/www.radioamigavallenar.cl\/index.php?rest_route=%2Fwp%2Fv2%2Fmedia&parent=20265"}],"wp:term":[{"taxonomy":"category","embeddable":true,"href":"https:\/\/www.radioamigavallenar.cl\/index.php?rest_route=%2Fwp%2Fv2%2Fcategories&post=20265"},{"taxonomy":"post_tag","embeddable":true,"href":"https:\/\/www.radioamigavallenar.cl\/index.php?rest_route=%2Fwp%2Fv2%2Ftags&post=20265"}],"curies":[{"name":"wp","href":"https:\/\/api.w.org\/{rel}","templated":true}]}}