{"id":20214,"date":"2020-01-21T11:21:54","date_gmt":"2020-01-21T14:21:54","guid":{"rendered":"https:\/\/www.radioamigavallenar.cl\/?p=20214"},"modified":"2020-01-21T11:21:55","modified_gmt":"2020-01-21T14:21:55","slug":"achm-advierte-al-gobierno-que-no-hay-condiciones-para-elegir-intendentes-este-ano","status":"publish","type":"post","link":"https:\/\/www.radioamigavallenar.cl\/?p=20214","title":{"rendered":"AChM advierte al Gobierno que no hay condiciones para elegir intendentes este a\u00f1o"},"content":{"rendered":"\n<div class=\"wp-block-image\"><figure class=\"aligncenter size-large\"><img loading=\"lazy\" decoding=\"async\" width=\"1024\" height=\"576\" src=\"https:\/\/www.radioamigavallenar.cl\/wp-content\/uploads\/2020\/01\/foto_0000000120200121073425-1024x576.jpg\" alt=\"\" class=\"wp-image-20215\" srcset=\"https:\/\/www.radioamigavallenar.cl\/wp-content\/uploads\/2020\/01\/foto_0000000120200121073425-1024x576.jpg 1024w, https:\/\/www.radioamigavallenar.cl\/wp-content\/uploads\/2020\/01\/foto_0000000120200121073425-300x169.jpg 300w, https:\/\/www.radioamigavallenar.cl\/wp-content\/uploads\/2020\/01\/foto_0000000120200121073425-768x432.jpg 768w, https:\/\/www.radioamigavallenar.cl\/wp-content\/uploads\/2020\/01\/foto_0000000120200121073425.jpg 1130w\" sizes=\"auto, (max-width: 1024px) 100vw, 1024px\" \/><\/figure><\/div>\n\n\n\n<p>La Asociaci\u00f3n de Municipalidades critic\u00f3 las pocas atribuciones que tendr\u00e1n las futuras autoridades y consideran que el proceso, como est\u00e1, es una \u00abdescentralizaci\u00f3n de mentira\u00bb.<\/p>\n\n\n\n<p>\u00abNo va a aportar totalmente nada al desarrollo de las regiones\u00bb, se\u00f1al\u00f3 Germ\u00e1n Codina, presidente de la organizaci\u00f3n.<\/p>\n\n\n\n<p>Alcaldes de la Asociaci\u00f3n Chilena de Municipalidades (AChM) advirtieron el Gobierno que, seg\u00fan ven, no est\u00e1n dadas las condiciones necesarias para\u00a0las primeras elecciones de gobernadores regionales\u00a0ni para la implementaci\u00f3n del cargo este a\u00f1o.<\/p>\n\n\n\n<p>El\u00a0directorio de la AChM\u00a0se reuni\u00f3 ayer para abordar diversos temas, entre ellos los comicios fijados para octubre, y acordaron, seg\u00fan presentes en la cita, iniciar un debate al respecto, ya que seg\u00fan la opini\u00f3n de varios no hay condiciones para realizar las votaciones.<\/p>\n\n\n\n<p>El presidente de la Asociaci\u00f3n,\u00a0Germ\u00e1n Codina\u00a0(RN), alcalde de Puente Alto, confirm\u00f3 al matutino que se acord\u00f3\u00a0redactar un documento con la postura oficial\u00a0de la agrupaci\u00f3n, en la que, de todos modos, hay matices.<\/p>\n\n\n\n<p>\u00abVamos a elaborar en estos d\u00edas un documento que ser\u00e1 compartido con todos los alcaldes para tener el apoyo de distintos sectores pol\u00edticos, porque nos parece que es un tema que,\u00a0como est\u00e1, no va a aportar totalmente nada al desarrollo de las regiones\u00bb, explic\u00f3.<\/p>\n\n\n\n<p>Asegur\u00f3 que la \u00abpreocupaci\u00f3n es por un proceso que se titul\u00f3 como descentralizador, pero que es una falacia, una\u00a0descentralizaci\u00f3n de mentira: elegir gobernadores con pocas y escasas atribuciones\u00bb.<\/p>\n\n\n\n<p>Entre las aprensiones que plantean son las\u00a0pocas atribuciones que tendr\u00e1n dichas autoridades, adem\u00e1s de que la implementaci\u00f3n del cargo comience a regir en medio del debate constitucional, los pocos avances en modernizaci\u00f3n del Estado y los altos costos econ\u00f3micos que significa este proceso.<\/p>\n\n\n\n<p>Entre lo que plantean los alcaldes, ser\u00eda\u00a0suspender o postergar\u00a0las elecciones.<\/p>\n\n\n\n<p>En la reuni\u00f3n participaron Codina, junto a los jefes comunales de Huechuraba, Carlos Cuadrado (PPD), de Estaci\u00f3n Central, Rodrigo Delgado (UDI), de El Bosque, Sadi Melo (PS), y de La Granja, Felipe Delpin (DC), entre otros.<\/p>\n\n\n\n<h2 class=\"has-text-align-center wp-block-heading\"><em>Al subdere \u00able parecen razonable\u00bb los argumentos<\/em><\/h2>\n\n\n\n<p>Posteriormente\u00a0informaron su postura, a\u00fan no oficial, al Gobierno durante reuni\u00f3n que sostuvo la AChM con el subsecretario de Desarrollo Regional, Claudio Alvarado, encargado de llevar adelante el proceso de regionalizaci\u00f3n y a quien, seg\u00fan Codina, \u00able parecen razonables los argumentos\u00bb de los alcaldes.<\/p>\n\n\n\n<p>En tanto, el Gobierno espera enviar\u00a0la comprometida ley corta para subsanar los problemas\u00a0que se han detectado en el proceso, entre ellos las atribuciones de los futuros gobernadores. Para ello hab\u00eda constituida una mesa t\u00e9cnica, cuyo trabajo concluy\u00f3 en septiembre, pero el tema qued\u00f3 en segundo plano tras el estallidos social.<\/p>\n\n\n\n<p>La postura de los alcaldes coincide con algunas\u00a0aprensiones que ya hab\u00edan planteado hace un tiempo desde sectores oficialistas y de la oposici\u00f3n, sobre postergar los comicios.<\/p>\n","protected":false},"excerpt":{"rendered":"<p>La Asociaci\u00f3n de Municipalidades critic\u00f3 las pocas atribuciones que tendr\u00e1n las futuras autoridades y consideran que el proceso, como est\u00e1, es una \u00abdescentralizaci\u00f3n de mentira\u00bb.&hellip; <\/p>\n","protected":false},"author":2,"featured_media":20215,"comment_status":"open","ping_status":"closed","sticky":false,"template":"","format":"standard","meta":{"footnotes":""},"categories":[37],"tags":[],"class_list":["post-20214","post","type-post","status-publish","format-standard","has-post-thumbnail","hentry","category-nacional"],"_links":{"self":[{"href":"https:\/\/www.radioamigavallenar.cl\/index.php?rest_route=\/wp\/v2\/posts\/20214","targetHints":{"allow":["GET"]}}],"collection":[{"href":"https:\/\/www.radioamigavallenar.cl\/index.php?rest_route=\/wp\/v2\/posts"}],"about":[{"href":"https:\/\/www.radioamigavallenar.cl\/index.php?rest_route=\/wp\/v2\/types\/post"}],"author":[{"embeddable":true,"href":"https:\/\/www.radioamigavallenar.cl\/index.php?rest_route=\/wp\/v2\/users\/2"}],"replies":[{"embeddable":true,"href":"https:\/\/www.radioamigavallenar.cl\/index.php?rest_route=%2Fwp%2Fv2%2Fcomments&post=20214"}],"version-history":[{"count":0,"href":"https:\/\/www.radioamigavallenar.cl\/index.php?rest_route=\/wp\/v2\/posts\/20214\/revisions"}],"wp:featuredmedia":[{"embeddable":true,"href":"https:\/\/www.radioamigavallenar.cl\/index.php?rest_route=\/wp\/v2\/media\/20215"}],"wp:attachment":[{"href":"https:\/\/www.radioamigavallenar.cl\/index.php?rest_route=%2Fwp%2Fv2%2Fmedia&parent=20214"}],"wp:term":[{"taxonomy":"category","embeddable":true,"href":"https:\/\/www.radioamigavallenar.cl\/index.php?rest_route=%2Fwp%2Fv2%2Fcategories&post=20214"},{"taxonomy":"post_tag","embeddable":true,"href":"https:\/\/www.radioamigavallenar.cl\/index.php?rest_route=%2Fwp%2Fv2%2Ftags&post=20214"}],"curies":[{"name":"wp","href":"https:\/\/api.w.org\/{rel}","templated":true}]}}