{"id":20211,"date":"2020-01-21T11:13:12","date_gmt":"2020-01-21T14:13:12","guid":{"rendered":"https:\/\/www.radioamigavallenar.cl\/?p=20211"},"modified":"2020-01-21T11:13:13","modified_gmt":"2020-01-21T14:13:13","slug":"destacada-participacion-tuvo-pareja-chanaralina-en-campeonato-nacional-de-cueca-realizado-en-temuco","status":"publish","type":"post","link":"https:\/\/www.radioamigavallenar.cl\/?p=20211","title":{"rendered":"Destacada participaci\u00f3n tuvo pareja cha\u00f1aralina en Campeonato Nacional de Cueca realizado en Temuco"},"content":{"rendered":"\n<figure class=\"wp-block-image size-large\"><img loading=\"lazy\" decoding=\"async\" width=\"800\" height=\"533\" src=\"https:\/\/www.radioamigavallenar.cl\/wp-content\/uploads\/2020\/01\/cueca-800x533-1.jpeg\" alt=\"\" class=\"wp-image-20212\" srcset=\"https:\/\/www.radioamigavallenar.cl\/wp-content\/uploads\/2020\/01\/cueca-800x533-1.jpeg 800w, https:\/\/www.radioamigavallenar.cl\/wp-content\/uploads\/2020\/01\/cueca-800x533-1-300x200.jpeg 300w, https:\/\/www.radioamigavallenar.cl\/wp-content\/uploads\/2020\/01\/cueca-800x533-1-768x512.jpeg 768w\" sizes=\"auto, (max-width: 800px) 100vw, 800px\" \/><\/figure>\n\n\n\n<p>Una interesante participaci\u00f3n tuvo la pareja cha\u00f1aralina conformada por Millaray Espinoza y Berner Carrasco, quienes representaron a la regi\u00f3n de Atacama en el Campeonato Nacional de Cueca, realizado en Temuco el pasado 16, 17 y 18 de enero.<\/p>\n\n\n\n<p>Esta dupla de j\u00f3venes, que recibi\u00f3 apoyo por parte del municipio para estar presente en este certamen, se mostr\u00f3 muy feliz por la experiencia y conocimientos adquiridos en esta instancia, adem\u00e1s de tener la posibilidad de representar a Cha\u00f1aral y la regi\u00f3n.<\/p>\n\n\n\n<p>Por la dem\u00e1s, Millaray Espinoza deslumbr\u00f3 a los dem\u00e1s participantes con su belleza, por lo que se qued\u00f3 con el premio de Reina del campeonato, en una votaci\u00f3n realizada por los mismo varones competidores en este torneo.<\/p>\n\n\n\n<p>Ahora, Espinoza y Carrasco, adem\u00e1s de agradecer al municipio y al Alcalde Ra\u00fal Salas Aguilera por el constante apoyo para este tipo de instancias, se preparan para ser parte de la muestra de campeones regionales de cueca, que se realizar\u00e1 este s\u00e1bado 25 de enero en Tierra Amarilla.<\/p>\n","protected":false},"excerpt":{"rendered":"<p>Una interesante participaci\u00f3n tuvo la pareja cha\u00f1aralina conformada por Millaray Espinoza y Berner Carrasco, quienes representaron a la regi\u00f3n de Atacama en el Campeonato Nacional&hellip; <\/p>\n","protected":false},"author":2,"featured_media":20212,"comment_status":"open","ping_status":"closed","sticky":false,"template":"","format":"standard","meta":{"footnotes":""},"categories":[7],"tags":[],"class_list":["post-20211","post","type-post","status-publish","format-standard","has-post-thumbnail","hentry","category-atacama"],"_links":{"self":[{"href":"https:\/\/www.radioamigavallenar.cl\/index.php?rest_route=\/wp\/v2\/posts\/20211","targetHints":{"allow":["GET"]}}],"collection":[{"href":"https:\/\/www.radioamigavallenar.cl\/index.php?rest_route=\/wp\/v2\/posts"}],"about":[{"href":"https:\/\/www.radioamigavallenar.cl\/index.php?rest_route=\/wp\/v2\/types\/post"}],"author":[{"embeddable":true,"href":"https:\/\/www.radioamigavallenar.cl\/index.php?rest_route=\/wp\/v2\/users\/2"}],"replies":[{"embeddable":true,"href":"https:\/\/www.radioamigavallenar.cl\/index.php?rest_route=%2Fwp%2Fv2%2Fcomments&post=20211"}],"version-history":[{"count":0,"href":"https:\/\/www.radioamigavallenar.cl\/index.php?rest_route=\/wp\/v2\/posts\/20211\/revisions"}],"wp:featuredmedia":[{"embeddable":true,"href":"https:\/\/www.radioamigavallenar.cl\/index.php?rest_route=\/wp\/v2\/media\/20212"}],"wp:attachment":[{"href":"https:\/\/www.radioamigavallenar.cl\/index.php?rest_route=%2Fwp%2Fv2%2Fmedia&parent=20211"}],"wp:term":[{"taxonomy":"category","embeddable":true,"href":"https:\/\/www.radioamigavallenar.cl\/index.php?rest_route=%2Fwp%2Fv2%2Fcategories&post=20211"},{"taxonomy":"post_tag","embeddable":true,"href":"https:\/\/www.radioamigavallenar.cl\/index.php?rest_route=%2Fwp%2Fv2%2Ftags&post=20211"}],"curies":[{"name":"wp","href":"https:\/\/api.w.org\/{rel}","templated":true}]}}