{"id":20209,"date":"2020-01-21T11:10:14","date_gmt":"2020-01-21T14:10:14","guid":{"rendered":"https:\/\/www.radioamigavallenar.cl\/?p=20209"},"modified":"2020-01-21T11:10:15","modified_gmt":"2020-01-21T14:10:15","slug":"diputada-cicardini-critico-reserva-de-constitucionalidad-a-proyecto-de-royalty-minero-aprobado-en-comision-de-mineria","status":"publish","type":"post","link":"https:\/\/www.radioamigavallenar.cl\/?p=20209","title":{"rendered":"Diputada Cicardini critic\u00f3 reserva de constitucionalidad a proyecto de royalty minero aprobado en Comisi\u00f3n de Miner\u00eda"},"content":{"rendered":"\n<figure class=\"wp-block-image size-large\"><img loading=\"lazy\" decoding=\"async\" width=\"750\" height=\"400\" src=\"https:\/\/www.radioamigavallenar.cl\/wp-content\/uploads\/2019\/10\/CICARDINI-1.jpg\" alt=\"\" class=\"wp-image-17677\" srcset=\"https:\/\/www.radioamigavallenar.cl\/wp-content\/uploads\/2019\/10\/CICARDINI-1.jpg 750w, https:\/\/www.radioamigavallenar.cl\/wp-content\/uploads\/2019\/10\/CICARDINI-1-300x160.jpg 300w\" sizes=\"auto, (max-width: 750px) 100vw, 750px\" \/><\/figure>\n\n\n\n<p><strong>Idea de legislar iniciativa fue aprobada en Comisi\u00f3n de Miner\u00eda que preside la parlamentaria, pero el gobierno solicit\u00f3 reserva constitucional. Pese a ello, Cicardini espera que iniciativa avance, y se\u00f1al\u00f3 actituddel ejecutivo como \u201cotra muestra de la necesidad de una nueva Constituci\u00f3n\u201d<\/strong><\/p>\n\n\n\n<p>Su conformidad manifest\u00f3 la diputada por Atacama (PS) Daniella Cicardini tras la aprobaci\u00f3n en la Comisi\u00f3n de Miner\u00eda y Energ\u00eda que preside, de la idea de legislar el proyecto de un Royalty Minero sobre la miner\u00eda del Cobre y el Litio,&nbsp;&nbsp;equivalente al 3% del valor nominal de los minerales extra\u00eddos en beneficio y compensaci\u00f3n de las regiones y comunas en las que se produce la extracci\u00f3n del mineral.<\/p>\n\n\n\n<p>La parlamentaria lament\u00f3 sin embargo la reserva de constitucionalidad solicitada tras la votaci\u00f3n de la iniciativa, aprobada por 7 votos a favor, y pedida por el subsecretario de Hacienda, Francisco Moreno, en representaci\u00f3n del gobierno, argumentando que por su naturaleza, la presentaci\u00f3n de un proyecto de este tipo ser\u00eda facultad solo del Ejecutivo.<\/p>\n\n\n\n<p>Al respecto la diputada CIcardini, quien es adem\u00e1s una de las autoras del proyecto, se\u00f1al\u00f3 que \u201d me alegra su aprobaci\u00f3n en la comisi\u00f3n, pero yo la verdad lamento que el gobierno hiciera esta reserva de Constitucionalidad con la que est\u00e1 diciendo que el d\u00eda de ma\u00f1ana est\u00e1 dispuesto a vetar el avance de esta iniciativa, cuyo \u00fanico objetivo es que las regiones mineras y el pa\u00eds puedan contar con un verdadero royalty sobre los recursos no renovables de la miner\u00eda, y no la burla que tenemos hoy que no es m\u00e1s que un impuesto espec\u00edfico que no pasa del 0,3 del PIB, y que algunos a\u00f1os, como el 2017, fue menos del 0%\u201d.<\/p>\n\n\n\n<p>\u201cEntonces, oponerse o ponerle trabas a una medida como esta, que no es m\u00e1s que otra forma de luchar en contra de la desigualdad, en este caso m\u00e1s igualdad y dignidad para los territorios y regiones como Atacama, que es en donde se extraen los recursos y reciben todos los pasivos e impactos ambientales mientras los pocos recursos que recibe el pa\u00eds quedan en las comunas m\u00e1s ricas, revelan una vez m\u00e1s que el gobierno no ha entendido para nada el mensaje de la gente desde el 18 de octubre\u201d, subray\u00f3.<\/p>\n\n\n\n<p>En esa l\u00ednea, Cicardini indic\u00f3 que \u201ccuando se oponen a consagrar el agua constitucionalmente como un bien de uso p\u00fablico, o en este caso al advertir que el d\u00eda de ma\u00f1ana pueden acudir al Tribunal Constitucional para ir en contra de este proyecto de Royalty que va en beneficio de las regiones, lo \u00fanico que hacen es darnos la raz\u00f3n a quienes creemos y apoyamos la necesidad de una nueva constituci\u00f3n, en la que se consagren estos derechos o en la que por ejemplo, se equilibre la facultad del presidente y el Congreso para presentar este tipo de propuestas\u201d, declar\u00f3.<\/p>\n\n\n\n<p>Junto con afirmar que espera sin embargo que el proyecto contin\u00fae avanzando en su tramitaci\u00f3n, la diputada reafirm\u00f3 finalmente que \u201ccuesta adem\u00e1s entender la postura del gobierno, y que se cierre totalmente a la posibilidad de este anhelo de un royalty , considerando que ser\u00eda otra forma de financiar las demandas sociales, y adem\u00e1s en un momento en lo que la gente demanda es dignidad; y recibir lo justo por nuestros recursos naturales y no las migajas que recibe Chile por su cobre o por su litio, tiene totalmente que ver con eso y es parte de recuperar tambi\u00e9n la dignidad para el pa\u00eds, \u201cenfatiz\u00f3.<\/p>\n\n\n\n<p>La iniciativa aprobada por la Comisi\u00f3n de Miner\u00eda propone un pago por el uso de un recurso natural no renovable, en compensaci\u00f3n a las comunas donde se ubican los yacimientos de explotaci\u00f3n minera, a objeto de promover el desarrollo y mitigar los efectos ambientales de dicho proceso. El texto adem\u00e1s excluye espec\u00edficamente de esta carga al sector de los peque\u00f1os mineros.<\/p>\n","protected":false},"excerpt":{"rendered":"<p>Idea de legislar iniciativa fue aprobada en Comisi\u00f3n de Miner\u00eda que preside la parlamentaria, pero el gobierno solicit\u00f3 reserva constitucional. Pese a ello, Cicardini espera&hellip; <\/p>\n","protected":false},"author":2,"featured_media":17677,"comment_status":"open","ping_status":"closed","sticky":false,"template":"","format":"standard","meta":{"footnotes":""},"categories":[7,34,37],"tags":[],"class_list":["post-20209","post","type-post","status-publish","format-standard","has-post-thumbnail","hentry","category-atacama","category-mineria","category-nacional"],"_links":{"self":[{"href":"https:\/\/www.radioamigavallenar.cl\/index.php?rest_route=\/wp\/v2\/posts\/20209","targetHints":{"allow":["GET"]}}],"collection":[{"href":"https:\/\/www.radioamigavallenar.cl\/index.php?rest_route=\/wp\/v2\/posts"}],"about":[{"href":"https:\/\/www.radioamigavallenar.cl\/index.php?rest_route=\/wp\/v2\/types\/post"}],"author":[{"embeddable":true,"href":"https:\/\/www.radioamigavallenar.cl\/index.php?rest_route=\/wp\/v2\/users\/2"}],"replies":[{"embeddable":true,"href":"https:\/\/www.radioamigavallenar.cl\/index.php?rest_route=%2Fwp%2Fv2%2Fcomments&post=20209"}],"version-history":[{"count":0,"href":"https:\/\/www.radioamigavallenar.cl\/index.php?rest_route=\/wp\/v2\/posts\/20209\/revisions"}],"wp:featuredmedia":[{"embeddable":true,"href":"https:\/\/www.radioamigavallenar.cl\/index.php?rest_route=\/wp\/v2\/media\/17677"}],"wp:attachment":[{"href":"https:\/\/www.radioamigavallenar.cl\/index.php?rest_route=%2Fwp%2Fv2%2Fmedia&parent=20209"}],"wp:term":[{"taxonomy":"category","embeddable":true,"href":"https:\/\/www.radioamigavallenar.cl\/index.php?rest_route=%2Fwp%2Fv2%2Fcategories&post=20209"},{"taxonomy":"post_tag","embeddable":true,"href":"https:\/\/www.radioamigavallenar.cl\/index.php?rest_route=%2Fwp%2Fv2%2Ftags&post=20209"}],"curies":[{"name":"wp","href":"https:\/\/api.w.org\/{rel}","templated":true}]}}