{"id":20206,"date":"2020-01-21T11:00:56","date_gmt":"2020-01-21T14:00:56","guid":{"rendered":"https:\/\/www.radioamigavallenar.cl\/?p=20206"},"modified":"2020-01-21T11:00:57","modified_gmt":"2020-01-21T14:00:57","slug":"se-mantiene-vigilancia-por-alerta-meteorologica-en-region-de-atacama","status":"publish","type":"post","link":"https:\/\/www.radioamigavallenar.cl\/?p=20206","title":{"rendered":"Se mantiene vigilancia por alerta meteorol\u00f3gica en regi\u00f3n de Atacama"},"content":{"rendered":"\n<div class=\"wp-block-image\"><figure class=\"aligncenter size-large\"><img loading=\"lazy\" decoding=\"async\" width=\"656\" height=\"370\" src=\"https:\/\/www.radioamigavallenar.cl\/wp-content\/uploads\/2020\/01\/714763.jpg\" alt=\"\" class=\"wp-image-20207\" srcset=\"https:\/\/www.radioamigavallenar.cl\/wp-content\/uploads\/2020\/01\/714763.jpg 656w, https:\/\/www.radioamigavallenar.cl\/wp-content\/uploads\/2020\/01\/714763-300x169.jpg 300w\" sizes=\"auto, (max-width: 656px) 100vw, 656px\" \/><\/figure><\/div>\n\n\n\n<p>Al momento la condici\u00f3n de tiempo en los sectores cordilleranos de la regi\u00f3n es de cielo despejado, sin novedades que reportar.<\/p>\n\n\n\n<p><br>Alerta Temprana Preventiva sigue vigente para las comunas de Copiap\u00f3, Tierra Amarilla y Diego de Almagro, Regi\u00f3n de Atacama, por evento meteorol\u00f3gico. De esta manera se mantiene la vigilancia, mediante el monitoreo constante de las condiciones de riesgo y las respectivas vulnerabilidades asociadas a la amenaza, coordinando el Sistema de Protecci\u00f3n Civil con el fin de actuar oportunamente frente a eventuales situaciones de emergencia.<\/p>\n\n\n\n<p>ONEMI recomienda a la poblaci\u00f3n reconocer en el entorno los posibles riesgos, como la activaci\u00f3n de quebradas y probables crecidas de cauces; evitar internarse en zonas alejadas, especialmente cuando las condiciones meteorol\u00f3gicas sean desfavorables; y preparar y revisar el techo de tu vivienda, las bajadas de agua y canaletas, junto con mantener limpias veredas y calzadas.<\/p>\n\n\n\n<p>Asimismo, se recomienda a la poblaci\u00f3n en caso de tormenta el\u00e9ctrica permanecer en un lugar seguro y evitar salir, a menos que sea absolutamente necesario; evitar la proximidad a maquinarias, cercas o rejas de metal, alambrados y l\u00edneas el\u00e9ctricas y\/o de telefon\u00eda; y no utilizar equipos radiales, aparatos GPS, tel\u00e9fonos fijos o m\u00f3viles durante la tormenta.<\/p>\n","protected":false},"excerpt":{"rendered":"<p>Al momento la condici\u00f3n de tiempo en los sectores cordilleranos de la regi\u00f3n es de cielo despejado, sin novedades que reportar. Alerta Temprana Preventiva sigue&hellip; <\/p>\n","protected":false},"author":2,"featured_media":20207,"comment_status":"open","ping_status":"closed","sticky":false,"template":"","format":"standard","meta":{"footnotes":""},"categories":[7],"tags":[],"class_list":["post-20206","post","type-post","status-publish","format-standard","has-post-thumbnail","hentry","category-atacama"],"_links":{"self":[{"href":"https:\/\/www.radioamigavallenar.cl\/index.php?rest_route=\/wp\/v2\/posts\/20206","targetHints":{"allow":["GET"]}}],"collection":[{"href":"https:\/\/www.radioamigavallenar.cl\/index.php?rest_route=\/wp\/v2\/posts"}],"about":[{"href":"https:\/\/www.radioamigavallenar.cl\/index.php?rest_route=\/wp\/v2\/types\/post"}],"author":[{"embeddable":true,"href":"https:\/\/www.radioamigavallenar.cl\/index.php?rest_route=\/wp\/v2\/users\/2"}],"replies":[{"embeddable":true,"href":"https:\/\/www.radioamigavallenar.cl\/index.php?rest_route=%2Fwp%2Fv2%2Fcomments&post=20206"}],"version-history":[{"count":0,"href":"https:\/\/www.radioamigavallenar.cl\/index.php?rest_route=\/wp\/v2\/posts\/20206\/revisions"}],"wp:featuredmedia":[{"embeddable":true,"href":"https:\/\/www.radioamigavallenar.cl\/index.php?rest_route=\/wp\/v2\/media\/20207"}],"wp:attachment":[{"href":"https:\/\/www.radioamigavallenar.cl\/index.php?rest_route=%2Fwp%2Fv2%2Fmedia&parent=20206"}],"wp:term":[{"taxonomy":"category","embeddable":true,"href":"https:\/\/www.radioamigavallenar.cl\/index.php?rest_route=%2Fwp%2Fv2%2Fcategories&post=20206"},{"taxonomy":"post_tag","embeddable":true,"href":"https:\/\/www.radioamigavallenar.cl\/index.php?rest_route=%2Fwp%2Fv2%2Ftags&post=20206"}],"curies":[{"name":"wp","href":"https:\/\/api.w.org\/{rel}","templated":true}]}}