{"id":20202,"date":"2020-01-21T00:00:00","date_gmt":"2020-01-21T03:00:00","guid":{"rendered":"https:\/\/www.radioamigavallenar.cl\/?p=20202"},"modified":"2020-01-20T21:26:12","modified_gmt":"2020-01-21T00:26:12","slug":"sistema-kom-expert-se-consolida-en-chile-sierra-gorda-adquirio-plataforma-digital-para-58-camiones-mineros","status":"publish","type":"post","link":"https:\/\/www.radioamigavallenar.cl\/?p=20202","title":{"rendered":"Sistema Kom-Expert se consolida en Chile: Sierra Gorda adquiri\u00f3 plataforma digital para 58 camiones mineros"},"content":{"rendered":"\n<div class=\"wp-block-image\"><figure class=\"aligncenter size-large\"><img loading=\"lazy\" decoding=\"async\" width=\"1024\" height=\"683\" src=\"https:\/\/www.radioamigavallenar.cl\/wp-content\/uploads\/2020\/01\/KE_3_b-1024x683.jpg\" alt=\"\" class=\"wp-image-20203\" srcset=\"https:\/\/www.radioamigavallenar.cl\/wp-content\/uploads\/2020\/01\/KE_3_b-1024x683.jpg 1024w, https:\/\/www.radioamigavallenar.cl\/wp-content\/uploads\/2020\/01\/KE_3_b-300x200.jpg 300w, https:\/\/www.radioamigavallenar.cl\/wp-content\/uploads\/2020\/01\/KE_3_b-768x512.jpg 768w, https:\/\/www.radioamigavallenar.cl\/wp-content\/uploads\/2020\/01\/KE_3_b-1536x1024.jpg 1536w, https:\/\/www.radioamigavallenar.cl\/wp-content\/uploads\/2020\/01\/KE_3_b-2048x1365.jpg 2048w\" sizes=\"auto, (max-width: 1024px) 100vw, 1024px\" \/><\/figure><\/div>\n\n\n\n<ul class=\"wp-block-list\"><li><em><strong>La plataforma permite procesar y desplegar informaci\u00f3n para tomar decisiones y aprovechar todo el potencial de los equipos mineros. Entre otros beneficios, permite aumentar el rendimiento de los neum\u00e1ticos, mejorar el proceso de cargu\u00edo de material y disminuir el tiempo de mantenci\u00f3n de los equipos.<\/strong><\/em><\/li><\/ul>\n\n\n\n<p>Kom-Expert, el sistema de soluciones digitales de an\u00e1lisis y Big Data de Komatsu, ser\u00e1 implementado en 58 camiones mineros de Sierra Gorda, alcanzando con ello su consolidaci\u00f3n en Chile. La plataforma ya se est\u00e1 operando en 25 equipos y en los pr\u00f3ximos meses se extender\u00e1 a los 33 restantes.<\/p>\n\n\n\n<p>La plataforma digital Kom-Expert de Komatsu es una soluci\u00f3n tecnol\u00f3gica desarrollada por Komatsu Chile desde 2017, que genera informaci\u00f3n para la toma de decisiones basadas en datos. Esta informaci\u00f3n ha permitido mejorar el rendimiento de neum\u00e1ticos, hacer m\u00e1s eficiente el cargu\u00edo de material, gestionar el comportamiento de operadores en condiciones de riesgo, disponer horas para uso efectivo y extender la vida \u00fatil de los componentes del activo.<\/p>\n\n\n\n<p>Con respecto a la implementaci\u00f3n del servicio Cristi\u00e1n Bustamante, Subgerente Tecnolog\u00edas de Monitoreo, Anal\u00edtica y Transformaci\u00f3n de Komatsu Chile, destac\u00f3 el trabajo conjunto que se realiz\u00f3 para tales fines. \u201cEsto no se desarroll\u00f3 solamente con tecnolog\u00eda. Involucr\u00f3 el trabajo de varias unidades de negocio, lo que nos permite darle mucha m\u00e1s robustez de cara al cliente respecto de lo que estamos entregando como producto final\u201d, sostuvo el ejecutivo.<\/p>\n\n\n\n<p><br>Por su parte, Jos\u00e9 Luis Carrasco, Gerente de Mina de Sierra Gorda, manifest\u00f3 su confianza en la plataforma. \u201cKomatsu cada a\u00f1o se introduce m\u00e1s en nuestros resultados, mediante estas herramientas tecnol\u00f3gicas lo que aporta valor agregado a la operaci\u00f3n\u201d, indic\u00f3.<\/p>\n\n\n\n<p>En esa misma l\u00ednea el representante de Sierra Gorda agreg\u00f3 que su objetivo para 2020 es \u201cmejorar nuestros resultados en todos los indicadores operacionales que tenemos en la mina para ser un referente a nivel nacional con las mejores pr\u00e1cticas y los mejores resultados\u201d.<\/p>\n\n\n\n<p>Ahora, tras el acuerdo de adquisici\u00f3n por parte de Sierra Gorda, se inicia una nueva etapa en la historia del sistema ya que, por primera vez, la plataforma quedara implementada de forma permanente en los CAEX.<\/p>\n\n\n\n<p>Este hito permitir\u00e1 que los atributos del sistema Kom-Expert puedan extenderse a otras faenas y con otro tipo de equipamiento tales como palas y equipos de movimiento de tierra, potenciando el trabajo en equipo que ha sido destacado por los clientes como el elemento diferenciador de los servicios que Komatsu entrega al cliente.<\/p>\n","protected":false},"excerpt":{"rendered":"<p>La plataforma permite procesar y desplegar informaci\u00f3n para tomar decisiones y aprovechar todo el potencial de los equipos mineros. Entre otros beneficios, permite aumentar el&hellip; <\/p>\n","protected":false},"author":2,"featured_media":20203,"comment_status":"open","ping_status":"closed","sticky":false,"template":"","format":"standard","meta":{"footnotes":""},"categories":[34,37],"tags":[],"class_list":["post-20202","post","type-post","status-publish","format-standard","has-post-thumbnail","hentry","category-mineria","category-nacional"],"_links":{"self":[{"href":"https:\/\/www.radioamigavallenar.cl\/index.php?rest_route=\/wp\/v2\/posts\/20202","targetHints":{"allow":["GET"]}}],"collection":[{"href":"https:\/\/www.radioamigavallenar.cl\/index.php?rest_route=\/wp\/v2\/posts"}],"about":[{"href":"https:\/\/www.radioamigavallenar.cl\/index.php?rest_route=\/wp\/v2\/types\/post"}],"author":[{"embeddable":true,"href":"https:\/\/www.radioamigavallenar.cl\/index.php?rest_route=\/wp\/v2\/users\/2"}],"replies":[{"embeddable":true,"href":"https:\/\/www.radioamigavallenar.cl\/index.php?rest_route=%2Fwp%2Fv2%2Fcomments&post=20202"}],"version-history":[{"count":0,"href":"https:\/\/www.radioamigavallenar.cl\/index.php?rest_route=\/wp\/v2\/posts\/20202\/revisions"}],"wp:featuredmedia":[{"embeddable":true,"href":"https:\/\/www.radioamigavallenar.cl\/index.php?rest_route=\/wp\/v2\/media\/20203"}],"wp:attachment":[{"href":"https:\/\/www.radioamigavallenar.cl\/index.php?rest_route=%2Fwp%2Fv2%2Fmedia&parent=20202"}],"wp:term":[{"taxonomy":"category","embeddable":true,"href":"https:\/\/www.radioamigavallenar.cl\/index.php?rest_route=%2Fwp%2Fv2%2Fcategories&post=20202"},{"taxonomy":"post_tag","embeddable":true,"href":"https:\/\/www.radioamigavallenar.cl\/index.php?rest_route=%2Fwp%2Fv2%2Ftags&post=20202"}],"curies":[{"name":"wp","href":"https:\/\/api.w.org\/{rel}","templated":true}]}}