{"id":20197,"date":"2020-01-21T00:00:00","date_gmt":"2020-01-21T03:00:00","guid":{"rendered":"https:\/\/www.radioamigavallenar.cl\/?p=20197"},"modified":"2020-01-20T21:16:57","modified_gmt":"2020-01-21T00:16:57","slug":"diputado-noman-apoya-royalty-minero-para-que-parte-de-los-recursos-se-queden-en-las-regiones-mineras","status":"publish","type":"post","link":"https:\/\/www.radioamigavallenar.cl\/?p=20197","title":{"rendered":"Diputado Noman apoya royalty minero para que parte de los recursos se queden en las regiones mineras"},"content":{"rendered":"\n<div class=\"wp-block-image\"><figure class=\"aligncenter size-large\"><img loading=\"lazy\" decoding=\"async\" width=\"1024\" height=\"682\" src=\"https:\/\/www.radioamigavallenar.cl\/wp-content\/uploads\/2020\/01\/3d3d764c-f5be-4799-bd75-092dc4fd3d3e-1024x682.jpg\" alt=\"\" class=\"wp-image-20198\" srcset=\"https:\/\/www.radioamigavallenar.cl\/wp-content\/uploads\/2020\/01\/3d3d764c-f5be-4799-bd75-092dc4fd3d3e-1024x682.jpg 1024w, https:\/\/www.radioamigavallenar.cl\/wp-content\/uploads\/2020\/01\/3d3d764c-f5be-4799-bd75-092dc4fd3d3e-300x200.jpg 300w, https:\/\/www.radioamigavallenar.cl\/wp-content\/uploads\/2020\/01\/3d3d764c-f5be-4799-bd75-092dc4fd3d3e-768x512.jpg 768w, https:\/\/www.radioamigavallenar.cl\/wp-content\/uploads\/2020\/01\/3d3d764c-f5be-4799-bd75-092dc4fd3d3e.jpg 1280w\" sizes=\"auto, (max-width: 1024px) 100vw, 1024px\" \/><\/figure><\/div>\n\n\n\n<p>La idea, explic\u00f3 el parlamentario por Atacama, es que estas platas se destinen a infraestructura, mejora de rutas, vivienda, entre otros.<\/p>\n\n\n\n<p>La comisi\u00f3n de Miner\u00eda y Energ\u00eda aprob\u00f3 hoy d\u00eda el proyecto de ley que establece de parte del Estado una compensaci\u00f3n, denominado royalty minero, por la explotaci\u00f3n de la miner\u00eda del cobre y del litio.<\/p>\n\n\n\n<p>Al respecto, el diputado Nicol\u00e1s Noman quien vot\u00f3 a favor de la iniciativa legal, explic\u00f3 que este es un tremendo paso, \u201cnecesitamos que los recursos queden en nuestra Regi\u00f3n de Atacama y en la regiones mineras\u201d.<\/p>\n\n\n\n<p>La iniciativa apunta a un gravamen equivalente al 3% del valor nominal de los minerales extra\u00eddos, que deber\u00e1 destinarse a obras de desarrollo en las comunas en donde se encuentren los yacimientos respectivos de donde se explote el mineral, que permitan mitigar los efectos ambientales que produzca la actividad minera.<\/p>\n\n\n\n<p>\u201cCon este royalty minero se podr\u00e1n generar muchas obras de desarrollo, mayor productividad, mejores caminos, viviendas, por eso es fundamental que estas platas se queden en las regiones mineras\u201d, acot\u00f3 el parlamentario.<\/p>\n\n\n\n<p>Finalmente, el diputado Nicol\u00e1s Noman subray\u00f3 que este proyecto de ley que a\u00fan debe ser visto por la Sala de la C\u00e1mara Baja, sea apoyado por una mayor\u00eda parlamentaria y se convierta en Ley de la Rep\u00fablica.<\/p>\n","protected":false},"excerpt":{"rendered":"<p>La idea, explic\u00f3 el parlamentario por Atacama, es que estas platas se destinen a infraestructura, mejora de rutas, vivienda, entre otros. La comisi\u00f3n de Miner\u00eda&hellip; <\/p>\n","protected":false},"author":2,"featured_media":20198,"comment_status":"open","ping_status":"closed","sticky":false,"template":"","format":"standard","meta":{"footnotes":""},"categories":[7,34,37],"tags":[],"class_list":["post-20197","post","type-post","status-publish","format-standard","has-post-thumbnail","hentry","category-atacama","category-mineria","category-nacional"],"_links":{"self":[{"href":"https:\/\/www.radioamigavallenar.cl\/index.php?rest_route=\/wp\/v2\/posts\/20197","targetHints":{"allow":["GET"]}}],"collection":[{"href":"https:\/\/www.radioamigavallenar.cl\/index.php?rest_route=\/wp\/v2\/posts"}],"about":[{"href":"https:\/\/www.radioamigavallenar.cl\/index.php?rest_route=\/wp\/v2\/types\/post"}],"author":[{"embeddable":true,"href":"https:\/\/www.radioamigavallenar.cl\/index.php?rest_route=\/wp\/v2\/users\/2"}],"replies":[{"embeddable":true,"href":"https:\/\/www.radioamigavallenar.cl\/index.php?rest_route=%2Fwp%2Fv2%2Fcomments&post=20197"}],"version-history":[{"count":0,"href":"https:\/\/www.radioamigavallenar.cl\/index.php?rest_route=\/wp\/v2\/posts\/20197\/revisions"}],"wp:featuredmedia":[{"embeddable":true,"href":"https:\/\/www.radioamigavallenar.cl\/index.php?rest_route=\/wp\/v2\/media\/20198"}],"wp:attachment":[{"href":"https:\/\/www.radioamigavallenar.cl\/index.php?rest_route=%2Fwp%2Fv2%2Fmedia&parent=20197"}],"wp:term":[{"taxonomy":"category","embeddable":true,"href":"https:\/\/www.radioamigavallenar.cl\/index.php?rest_route=%2Fwp%2Fv2%2Fcategories&post=20197"},{"taxonomy":"post_tag","embeddable":true,"href":"https:\/\/www.radioamigavallenar.cl\/index.php?rest_route=%2Fwp%2Fv2%2Ftags&post=20197"}],"curies":[{"name":"wp","href":"https:\/\/api.w.org\/{rel}","templated":true}]}}