{"id":20191,"date":"2020-01-21T00:02:00","date_gmt":"2020-01-21T03:02:00","guid":{"rendered":"https:\/\/www.radioamigavallenar.cl\/?p=20191"},"modified":"2020-01-20T21:10:13","modified_gmt":"2020-01-21T00:10:13","slug":"vallenarinos-apuestan-por-el-astroturismo-en-caleta-chanaral-de-aceituno","status":"publish","type":"post","link":"https:\/\/www.radioamigavallenar.cl\/?p=20191","title":{"rendered":"\u201cVallenarinos\u201d apuestan por el Astroturismo en Caleta Cha\u00f1aral de Aceituno"},"content":{"rendered":"\n<div class=\"wp-block-image\"><figure class=\"aligncenter size-large\"><img loading=\"lazy\" decoding=\"async\" width=\"1024\" height=\"576\" src=\"https:\/\/www.radioamigavallenar.cl\/wp-content\/uploads\/2020\/01\/Caleta-Cha\u00f1aral-de-Aceituno--1024x576.jpg\" alt=\"\" class=\"wp-image-20192\" srcset=\"https:\/\/www.radioamigavallenar.cl\/wp-content\/uploads\/2020\/01\/Caleta-Cha\u00f1aral-de-Aceituno--1024x576.jpg 1024w, https:\/\/www.radioamigavallenar.cl\/wp-content\/uploads\/2020\/01\/Caleta-Cha\u00f1aral-de-Aceituno--300x169.jpg 300w, https:\/\/www.radioamigavallenar.cl\/wp-content\/uploads\/2020\/01\/Caleta-Cha\u00f1aral-de-Aceituno--768x432.jpg 768w, https:\/\/www.radioamigavallenar.cl\/wp-content\/uploads\/2020\/01\/Caleta-Cha\u00f1aral-de-Aceituno-.jpg 1152w\" sizes=\"auto, (max-width: 1024px) 100vw, 1024px\" \/><\/figure><\/div>\n\n\n\n<p class=\"has-text-align-center\"><strong>Las actividades se dan comienzo este 23 y 24 de enero junto al Centro de Buceo, Amniota.<\/strong><\/p>\n\n\n\n<p>El pasado 2 de julio de 2019 fue un d\u00eda clave para el astroturismo en la regi\u00f3n de Atacama con el primer Eclipse Solar en la regi\u00f3n y del pa\u00eds. Desde ese momento a la fecha, son muchos quienes han puesto los ojos literalmente en el cielo, destacando y dando a conocer el valor del cielo Atacame\u00f1o, considerando que La zona norte del pa\u00eds ostenta m\u00e1s del 40% de la infraestructura para la observaci\u00f3n astron\u00f3mica del mundo y se estima que aumentar\u00e1 a un 60% en los pr\u00f3ximos 10 a\u00f1os.<\/p>\n\n\n\n<p>Es por esto que, para dar continuidad al&nbsp;auge astron\u00f3mico de la regi\u00f3n, dos \u201cVallenarinos\u201d est\u00e1n apostando a llevar el astroturismo a la Caleta Cha\u00f1aral de Aceituno, la que se caracteriza por el avistamiento de Ballenas y Cet\u00e1ceos, sin embargo, desde el Eclipse Solar tambi\u00e9n se convirti\u00f3 en una zona donde se pudo disfrutar de uno de los per\u00edodos m\u00e1s largos de oscuridad total, con dos minutos y 19 segundos. Adem\u00e1s, la calidad de los cielos, sumado a los 320 d\u00edas despejados por a\u00f1o, hicieron de este lugar, uno de los destinos preferidos para observar el eclipse.<\/p>\n\n\n\n<p>\u201cDesde hace a\u00f1os que nos dedicamos al astroturismo de la mano de la agrupaci\u00f3n \u201cAtacama Sur\u201d y en esta ocasi\u00f3n decidimos junto a otro miembro hacernos parte de un proyecto aparte como tour operador \u201cNativo Atacama\u201d, donde estamos enfocados en crear un espacio en la Caleta Cha\u00f1aral de Aceituno\u201d, se\u00f1al\u00f3 Fredy Robledo Torres, uno de los miembros de la Agrupaci\u00f3n \u201cAtacama Sur\u201d de Vallenar, que est\u00e1 funcionando desde hace 6 a\u00f1os en la provincia del Huasco.<\/p>\n\n\n\n<p>Recordemos que, Chile, posee los cielos m\u00e1s claros y limpios del planeta para observar el Cosmos, lo que entrega las condiciones ideales para aportar a la ciencia y descifrar los misterios del universo: \u201cnosotros difundimos el patrimonio natural de los cielos de la Provincia de Huasco y dentro de las actividades m\u00e1s connotadas que hemos desarrollado, fue la participaci\u00f3n con un campamento privado astron\u00f3mico en Incahuasi para el eclipse solar\u201d, declar\u00f3 Robledo Torres, el que adem\u00e1s agreg\u00f3: \u201cen dicha oportunidad desarrollamos actividades observaciones nocturnas, charlas y talleres para diferentes rangos etarios, trabajo en conjunto con el municipio de Vallenar y la Universidad de Chile. Y, es bajo ese contexto, que queremos replicarlo en la caleta Cha\u00f1aral de Aceituno\u201d<\/p>\n\n\n\n<p class=\"has-text-align-center\"><strong>UN TRABAJO EN CONJUNTO CON JUNTA DE VECINOS Y AGRUPACIONES DE TURISMO<\/strong><\/p>\n\n\n\n<p>La gran cantidad de d\u00edas despejados al a\u00f1o -m\u00e1s de 300 cada ciclo -, las pocas part\u00edculas de polvo y humedad en el aire, y la diversa geograf\u00eda de los terrenos (altos y \u00e1ridos), podemos concluir que principalmente el norte del Pa\u00eds, y la Regi\u00f3n de Atacama, re\u00fane las condiciones perfectas para la instalaci\u00f3n de telescopios.<\/p>\n\n\n\n<p>\u201cLa idea es poder realizar un taller de astronom\u00eda donde se empezar\u00eda con la comunidad y luego se extender\u00eda a los visitantes. Estas acciones se llevar\u00edan a cabo en el Domo de la caleta donde se coordinar\u00eda con la Asoaci\u00f3n de Turismo. Me parece una muy buena iniciativa porque nuestros cielos son muy limpios y nos permitir\u00e1 aumentar el turismo de la caleta\u201d, indic\u00f3 Miriam Alvarez, Presidenta de la Junta de Vecinos de Caleta de Cha\u00f1aral de Aceituno.<\/p>\n\n\n\n<p>\u201cTodo lo que sea un aporte para la caleta es bueno, porque nos mejorar\u00e1 el turismo, por lo tanto, siempre estaremos disponible, porque nuestra caleta est\u00e1 muy alejada y por tanto, son pocas los momentos de para desarrollarnos y este tipo de iniciativas son un aporte real\u201d, se\u00f1al\u00f3 el presidente del Sindicato De Pescadores de Cha\u00f1aral de Aceituno, \u00c1ngel Talandianos.<\/p>\n\n\n\n<p>Actualmente el astroturismo se ha convertido en una de las opciones con m\u00e1s potencial de crecimiento en el pa\u00eds, ya que se ha convertido en una motivaci\u00f3n interesante para visitantes extranjeros y compatriotas, que anualmente se interesan cada vez m\u00e1s por conocer esta faceta del desarrollo cient\u00edfico nacional, visitando los observatorios como&nbsp;El&nbsp;Observatorio \u201cInca de Oro\u201d, que se ubica&nbsp;a 100 km de Copiap\u00f3.<\/p>\n\n\n\n<p>\u201cEstuvimos participando en Freirina en un taller de astroturismo Inclusivo, donde entregamos informaci\u00f3n de astronom\u00eda e implementaci\u00f3n para personas que cuentan con discapacidad visual, debido a eso es que decidimos aventurarnos en apostar al borde costero de Cha\u00f1aral de Aceituno y potenciar el patrimonio de los cielos de est\u00e1 caleta\u201d, finaliz\u00f3 Jean Cathalifeud Moroso, otro miembro de la dupla \u201cTour Operador N\u00f3made Atacama\u201d.<\/p>\n","protected":false},"excerpt":{"rendered":"<p>Las actividades se dan comienzo este 23 y 24 de enero junto al Centro de Buceo, Amniota. El pasado 2 de julio de 2019 fue&hellip; <\/p>\n","protected":false},"author":2,"featured_media":20192,"comment_status":"open","ping_status":"closed","sticky":false,"template":"","format":"standard","meta":{"footnotes":""},"categories":[7,1],"tags":[],"class_list":["post-20191","post","type-post","status-publish","format-standard","has-post-thumbnail","hentry","category-atacama","category-provincia-del-huasco-2"],"_links":{"self":[{"href":"https:\/\/www.radioamigavallenar.cl\/index.php?rest_route=\/wp\/v2\/posts\/20191","targetHints":{"allow":["GET"]}}],"collection":[{"href":"https:\/\/www.radioamigavallenar.cl\/index.php?rest_route=\/wp\/v2\/posts"}],"about":[{"href":"https:\/\/www.radioamigavallenar.cl\/index.php?rest_route=\/wp\/v2\/types\/post"}],"author":[{"embeddable":true,"href":"https:\/\/www.radioamigavallenar.cl\/index.php?rest_route=\/wp\/v2\/users\/2"}],"replies":[{"embeddable":true,"href":"https:\/\/www.radioamigavallenar.cl\/index.php?rest_route=%2Fwp%2Fv2%2Fcomments&post=20191"}],"version-history":[{"count":0,"href":"https:\/\/www.radioamigavallenar.cl\/index.php?rest_route=\/wp\/v2\/posts\/20191\/revisions"}],"wp:featuredmedia":[{"embeddable":true,"href":"https:\/\/www.radioamigavallenar.cl\/index.php?rest_route=\/wp\/v2\/media\/20192"}],"wp:attachment":[{"href":"https:\/\/www.radioamigavallenar.cl\/index.php?rest_route=%2Fwp%2Fv2%2Fmedia&parent=20191"}],"wp:term":[{"taxonomy":"category","embeddable":true,"href":"https:\/\/www.radioamigavallenar.cl\/index.php?rest_route=%2Fwp%2Fv2%2Fcategories&post=20191"},{"taxonomy":"post_tag","embeddable":true,"href":"https:\/\/www.radioamigavallenar.cl\/index.php?rest_route=%2Fwp%2Fv2%2Ftags&post=20191"}],"curies":[{"name":"wp","href":"https:\/\/api.w.org\/{rel}","templated":true}]}}