{"id":20185,"date":"2020-01-21T00:01:00","date_gmt":"2020-01-21T03:01:00","guid":{"rendered":"https:\/\/www.radioamigavallenar.cl\/?p=20185"},"modified":"2020-01-20T21:05:57","modified_gmt":"2020-01-21T00:05:57","slug":"prohiben-paso-de-camiones-de-mas-de-dos-ejes-por-ruta-que-cruza-parque-nacional-llanos-de-challe","status":"publish","type":"post","link":"https:\/\/www.radioamigavallenar.cl\/?p=20185","title":{"rendered":"Proh\u00edben paso de camiones de m\u00e1s de dos ejes por ruta que cruza Parque Nacional Llanos de Challe"},"content":{"rendered":"\n<div class=\"wp-block-image\"><figure class=\"aligncenter size-large\"><img loading=\"lazy\" decoding=\"async\" width=\"1024\" height=\"576\" src=\"https:\/\/www.radioamigavallenar.cl\/wp-content\/uploads\/2020\/01\/WhatsApp-Image-2020-01-17-at-15.57.20-1024x576.jpeg\" alt=\"\" class=\"wp-image-20186\" srcset=\"https:\/\/www.radioamigavallenar.cl\/wp-content\/uploads\/2020\/01\/WhatsApp-Image-2020-01-17-at-15.57.20-1024x576.jpeg 1024w, https:\/\/www.radioamigavallenar.cl\/wp-content\/uploads\/2020\/01\/WhatsApp-Image-2020-01-17-at-15.57.20-300x169.jpeg 300w, https:\/\/www.radioamigavallenar.cl\/wp-content\/uploads\/2020\/01\/WhatsApp-Image-2020-01-17-at-15.57.20-768x432.jpeg 768w, https:\/\/www.radioamigavallenar.cl\/wp-content\/uploads\/2020\/01\/WhatsApp-Image-2020-01-17-at-15.57.20.jpeg 1032w\" sizes=\"auto, (max-width: 1024px) 100vw, 1024px\" \/><\/figure><\/div>\n\n\n\n<p>Respondiendo a una necesidad muy sentida de la Corporaci\u00f3n Nacional Forestal, CONAF, que buscaba proteger la fauna existente en el Parque Nacional Llanos del Challe, desde el 9 de enero del a\u00f1o en curso el Ministerio de Transportes y Telecomunicaciones prohibi\u00f3 el tr\u00e1nsito de camiones de m\u00e1s de dos ejes por el Parque Nacional Llanos de Challe.<\/p>\n\n\n\n<p>La medida aplicar\u00e1 directamente a la ruta C- 440 desde el km 39.170 al km 59.504, que es la que atraviesa el Parque Nacional y que hasta ahora pod\u00eda ser transitada por todo tipo de camiones de alto tonelaje, poniendo en serio peligro a la fauna del lugar.<\/p>\n\n\n\n<p>Esta v\u00eda fue pavimentada el a\u00f1o pasado, a fin de mejorar el acceso a los residentes de las comunidades aleda\u00f1as a esta \u00e1rea silvestre protegida y se presume que es la alternativa que utilizan los camiones para evitar el pago del peaje de Totoral.<\/p>\n\n\n\n<p>A fines de noviembre del a\u00f1o pasado el Ministerio de Agricultura manifest\u00f3 su preocupaci\u00f3n por el tr\u00e1nsito de veh\u00edculos de alto tonelaje, tras volcar un cami\u00f3n que trasladaba fruta desde Curic\u00f3 a Arica y se estim\u00f3 que fue posiblemente por exceso de velocidad y p\u00e9rdida de control del veh\u00edculo.<\/p>\n\n\n\n<p>Constantemente los guardaparques son testigo de que por la ruta C-440, transitan un importante n\u00famero de camiones que pasan a velocidades mayores que la permitida. Cabe recordar que ese camino es de bischofita (Cloruro de Magnesio Hexahidratado), por lo que no est\u00e1 en condiciones para el tr\u00e1nsito de este tipo de veh\u00edculos.<\/p>\n\n\n\n<p>Al respecto el Director Regional de CONAF, H\u00e9ctor Soto Vera, se\u00f1al\u00f3 que \u201ces una muy buena noticia, dado que esta medida se suma a la resoluci\u00f3n 520 de la seremi de Transportes que proh\u00edbe el tr\u00e1nsito de camiones de alto tonelaje en el Parque Nacional Pan de Az\u00facar. De esta manera minimizamos el da\u00f1o en nuestra fauna local, as\u00ed como la posibilidad de posibles accidentes de tr\u00e1nsito en esas v\u00edas\u201d.<\/p>\n\n\n\n<p>Por su parte el Secretario Regional Ministerial de Transportes y Telecomunicaciones, Vittorio Ghiglino, manifest\u00f3 que \u201cesta prohibici\u00f3n de circulaci\u00f3n, responde a una solicitud de CONAF, en raz\u00f3n de que este tipo de camiones tiene un impacto negativo en la fauna del parque nacional Llanos de Challe, y dado que como gobierno queremos cuidar y fomentar estos maravillosos lugares que tiene nuestra Regi\u00f3n de Atacama, decidimos como Ministerio de Transportes, acoger favorablemente la solicitud del Ministerio de Agricultura, en atenci\u00f3n a que esta autoridad regional comparte en absoluto el criterio de cuidar nuestro parques nacionales, as\u00ed como se hizo anteriormente con la prohibici\u00f3n de circulaci\u00f3n en Pan de Az\u00facar\u201d.<\/p>\n\n\n\n<p>Finalmente, el Secretario Regional Ministerial de Agricultura, Patricio Araya Vargas mencion\u00f3 que \u201ccelebramos esta medida, que es el resultado de las gestiones que realizamos a trav\u00e9s de CONAF y del Seremi de Transportes y Telecomunicaciones. Nuestras \u00e1reas silvestres protegidas no est\u00e1n habilitadas para el tr\u00e1nsito vehicular masivo, tampoco poseen v\u00edas adaptadas para camiones o buses de alto tonelaje, convirtiendo este viaje en un potencial peligro, tanto para la tripulaci\u00f3n del automotor, como para los habitantes aleda\u00f1os al parque, turistas y fauna presente en el lugar. Por lo tanto, hago un llamado a los conductores que respeten esta nueva normativa\u201d.<\/p>\n","protected":false},"excerpt":{"rendered":"<p>Respondiendo a una necesidad muy sentida de la Corporaci\u00f3n Nacional Forestal, CONAF, que buscaba proteger la fauna existente en el Parque Nacional Llanos del Challe,&hellip; <\/p>\n","protected":false},"author":2,"featured_media":20186,"comment_status":"open","ping_status":"closed","sticky":false,"template":"","format":"standard","meta":{"footnotes":""},"categories":[7,1],"tags":[],"class_list":["post-20185","post","type-post","status-publish","format-standard","has-post-thumbnail","hentry","category-atacama","category-provincia-del-huasco-2"],"_links":{"self":[{"href":"https:\/\/www.radioamigavallenar.cl\/index.php?rest_route=\/wp\/v2\/posts\/20185","targetHints":{"allow":["GET"]}}],"collection":[{"href":"https:\/\/www.radioamigavallenar.cl\/index.php?rest_route=\/wp\/v2\/posts"}],"about":[{"href":"https:\/\/www.radioamigavallenar.cl\/index.php?rest_route=\/wp\/v2\/types\/post"}],"author":[{"embeddable":true,"href":"https:\/\/www.radioamigavallenar.cl\/index.php?rest_route=\/wp\/v2\/users\/2"}],"replies":[{"embeddable":true,"href":"https:\/\/www.radioamigavallenar.cl\/index.php?rest_route=%2Fwp%2Fv2%2Fcomments&post=20185"}],"version-history":[{"count":0,"href":"https:\/\/www.radioamigavallenar.cl\/index.php?rest_route=\/wp\/v2\/posts\/20185\/revisions"}],"wp:featuredmedia":[{"embeddable":true,"href":"https:\/\/www.radioamigavallenar.cl\/index.php?rest_route=\/wp\/v2\/media\/20186"}],"wp:attachment":[{"href":"https:\/\/www.radioamigavallenar.cl\/index.php?rest_route=%2Fwp%2Fv2%2Fmedia&parent=20185"}],"wp:term":[{"taxonomy":"category","embeddable":true,"href":"https:\/\/www.radioamigavallenar.cl\/index.php?rest_route=%2Fwp%2Fv2%2Fcategories&post=20185"},{"taxonomy":"post_tag","embeddable":true,"href":"https:\/\/www.radioamigavallenar.cl\/index.php?rest_route=%2Fwp%2Fv2%2Ftags&post=20185"}],"curies":[{"name":"wp","href":"https:\/\/api.w.org\/{rel}","templated":true}]}}