{"id":20166,"date":"2020-01-20T11:47:32","date_gmt":"2020-01-20T14:47:32","guid":{"rendered":"https:\/\/www.radioamigavallenar.cl\/?p=20166"},"modified":"2020-01-20T11:47:33","modified_gmt":"2020-01-20T14:47:33","slug":"lanzan-en-atacama-programa-promesas-chile-que-apoya-a-jovenes-talentos-deportivos","status":"publish","type":"post","link":"https:\/\/www.radioamigavallenar.cl\/?p=20166","title":{"rendered":"Lanzan en Atacama programa \u201cpromesas Chile\u201d que apoya a j\u00f3venes talentos deportivos"},"content":{"rendered":"\n<div class=\"wp-block-image\"><figure class=\"aligncenter size-large\"><img loading=\"lazy\" decoding=\"async\" width=\"750\" height=\"400\" src=\"https:\/\/www.radioamigavallenar.cl\/wp-content\/uploads\/2020\/01\/mindep-atacama.jpg\" alt=\"\" class=\"wp-image-20167\" srcset=\"https:\/\/www.radioamigavallenar.cl\/wp-content\/uploads\/2020\/01\/mindep-atacama.jpg 750w, https:\/\/www.radioamigavallenar.cl\/wp-content\/uploads\/2020\/01\/mindep-atacama-300x160.jpg 300w\" sizes=\"auto, (max-width: 750px) 100vw, 750px\" \/><\/figure><\/div>\n\n\n\n<p class=\"has-text-align-center\"><em><strong>94 j\u00f3venes de Atacama de las disciplinas de atletismo, ciclismo, canotaje, karate y taekwondo son apoyados por el Ministerio del Deporte e IN<\/strong>D.<\/em><\/p>\n\n\n\n<p>En el sal\u00f3n Jos\u00e9 Joaqu\u00edn Vallejo se lanz\u00f3 este viernes el Programa Promesas Chile 2020, del Ministerio del Deporte y que administra el Instituto Nacional de Deportes, el cual beneficia a 94 j\u00f3venes de Atacama de las disciplinas de atletismo, ciclismo, canotaje, karate y taekwondo, quienes han tenido destacados resultados a nivel regional, nacional e internacional.<\/p>\n\n\n\n<p>El Seremi del Deporte Guillermo Procuriza, en compa\u00f1\u00eda del director del IND, Claudio Cereceda, y otras autoridades regionales, se\u00f1al\u00f3 en la ceremonia: \u201cNuestro presidente Sebasti\u00e1n Pi\u00f1era consider\u00f3 en su programa de Gobierno, el objetivo de mejorar el desempe\u00f1o del deporte de Alto Rendimiento nacional en los eventos deportivos del ciclo ol\u00edmpico, paral\u00edmpico y de competencias fundamentales bajo la consigna \u201cRumbo a los Juegos Panamericanos y ParaPanamericanos Santiago 2023\u201d. Ah\u00ed est\u00e1 la importancia de \u201cPromesas Chile\u201d, que busca potenciar el desarrollo de nuestros mejores deportistas, en las primeras fases del deporte competitivo, enfoc\u00e1ndonos en la detecci\u00f3n, captaci\u00f3n, proyecci\u00f3n y desarrollo de deportistas, en su mayor\u00eda de entre 13 y 18 a\u00f1os, para despu\u00e9s impulsarlos hacia el Alto Rendimiento\u201d.<\/p>\n\n\n\n<p>Guillermo Procuriza destac\u00f3 adem\u00e1s el aporte del Gobierno Regional y agradeci\u00f3 el esfuerzo que realizan los deportistas y sus familias: \u201cLos recursos de este programa, cercano a los 100 millones de pesos, se complementan con el apoyo del Gobierno Regional a trav\u00e9s de la beca para deportistas de proyecci\u00f3n al Alto Rendimiento, el llamado Team Atacama, al que pertenecen muchos de nuestros deportistas presentes (\u2026) Reconocemos su esfuerzo diario y constante que los ha hecho posicionarse en lo mejor del deporte a nivel regional, nacional e internacional. Igualmente, agradecemos a sus clubes y asociaciones, a sus t\u00e9cnicos y en especial, agradecemos a sus familias porque su apoyo es fundamental para construir este sue\u00f1o, este camino de desarrollo y crecimiento a trav\u00e9s del deporte. Sigan adelante y siempre encontrar\u00e1n el apoyo del ministerio del deporte e instituto nacional de deportes para seguir construyendo y avanzando en su carrera deportiva\u201d.<\/p>\n\n\n\n<p class=\"has-text-align-center\"><strong>Premiaci\u00f3n 2019<\/strong><\/p>\n\n\n\n<p>En la ocasi\u00f3n, las autoridades premiaron a los deportistas que tuvieron los mejores resultados este 2019, donde destac\u00f3 el taekwondista Luciano Gonz\u00e1lez Bord\u00f3n, quien esta semana fue aceptado en la \u201cResidencia Deportiva CAR\u201d del Centro de Alto Rendimiento y nominado a la Selecci\u00f3n Nacional (menos 74 Kilos). Igualmente, se reconoci\u00f3 a todos los t\u00e9cnicos del programa y a los deportistas Mat\u00edas Aguirre y Fernanda Vega (Karate), Mario Valencia (Canotaje), Sebasti\u00e1n Retamal, Kevin Fern\u00e1ndez y Benjhamil Fern\u00e1ndez (Ciclismo), Ivonne Lambert (Taekwondo), Cristian Ortiz, Joel Vallejos y Monserrat Villacorta (Atletismo).<\/p>\n","protected":false},"excerpt":{"rendered":"<p>94 j\u00f3venes de Atacama de las disciplinas de atletismo, ciclismo, canotaje, karate y taekwondo son apoyados por el Ministerio del Deporte e IND. En el&hellip; <\/p>\n","protected":false},"author":2,"featured_media":20167,"comment_status":"open","ping_status":"closed","sticky":false,"template":"","format":"standard","meta":{"footnotes":""},"categories":[7,8],"tags":[],"class_list":["post-20166","post","type-post","status-publish","format-standard","has-post-thumbnail","hentry","category-atacama","category-deportes"],"_links":{"self":[{"href":"https:\/\/www.radioamigavallenar.cl\/index.php?rest_route=\/wp\/v2\/posts\/20166","targetHints":{"allow":["GET"]}}],"collection":[{"href":"https:\/\/www.radioamigavallenar.cl\/index.php?rest_route=\/wp\/v2\/posts"}],"about":[{"href":"https:\/\/www.radioamigavallenar.cl\/index.php?rest_route=\/wp\/v2\/types\/post"}],"author":[{"embeddable":true,"href":"https:\/\/www.radioamigavallenar.cl\/index.php?rest_route=\/wp\/v2\/users\/2"}],"replies":[{"embeddable":true,"href":"https:\/\/www.radioamigavallenar.cl\/index.php?rest_route=%2Fwp%2Fv2%2Fcomments&post=20166"}],"version-history":[{"count":0,"href":"https:\/\/www.radioamigavallenar.cl\/index.php?rest_route=\/wp\/v2\/posts\/20166\/revisions"}],"wp:featuredmedia":[{"embeddable":true,"href":"https:\/\/www.radioamigavallenar.cl\/index.php?rest_route=\/wp\/v2\/media\/20167"}],"wp:attachment":[{"href":"https:\/\/www.radioamigavallenar.cl\/index.php?rest_route=%2Fwp%2Fv2%2Fmedia&parent=20166"}],"wp:term":[{"taxonomy":"category","embeddable":true,"href":"https:\/\/www.radioamigavallenar.cl\/index.php?rest_route=%2Fwp%2Fv2%2Fcategories&post=20166"},{"taxonomy":"post_tag","embeddable":true,"href":"https:\/\/www.radioamigavallenar.cl\/index.php?rest_route=%2Fwp%2Fv2%2Ftags&post=20166"}],"curies":[{"name":"wp","href":"https:\/\/api.w.org\/{rel}","templated":true}]}}