{"id":20161,"date":"2020-01-20T08:46:00","date_gmt":"2020-01-20T11:46:00","guid":{"rendered":"https:\/\/www.radioamigavallenar.cl\/?p=20161"},"modified":"2020-01-20T12:52:40","modified_gmt":"2020-01-20T15:52:40","slug":"tras-sobrepago-de-seguros-en-codelco-cochilco-pide-reforma-para-potenciar-su-rol-fiscalizador","status":"publish","type":"post","link":"https:\/\/www.radioamigavallenar.cl\/?p=20161","title":{"rendered":"Tras sobrepago de seguros en Codelco: Cochilco pide reforma para potenciar su rol fiscalizador"},"content":{"rendered":"\n<div class=\"wp-block-image\"><figure class=\"aligncenter size-large\"><img loading=\"lazy\" decoding=\"async\" width=\"750\" height=\"400\" src=\"https:\/\/www.radioamigavallenar.cl\/wp-content\/uploads\/2020\/01\/a_uno_1102033-750x400-1.jpg\" alt=\"\" class=\"wp-image-20162\" srcset=\"https:\/\/www.radioamigavallenar.cl\/wp-content\/uploads\/2020\/01\/a_uno_1102033-750x400-1.jpg 750w, https:\/\/www.radioamigavallenar.cl\/wp-content\/uploads\/2020\/01\/a_uno_1102033-750x400-1-300x160.jpg 300w\" sizes=\"auto, (max-width: 750px) 100vw, 750px\" \/><\/figure><\/div>\n\n\n\n<p>La&nbsp;Comisi\u00f3n Chilena del Cobre (Cochilco)&nbsp;urgi\u00f3 por una&nbsp;reforma que le permita potenciar sus herramientas fiscalizadoras, esto despu\u00e9s de que a trav\u00e9s de una denuncia an\u00f3nima se detectaran sobrepagos de seguros en&nbsp;Codelco.<\/p>\n\n\n\n<p>El organismo elabora un anteproyecto de ley que propondr\u00e1 en mayo al Ministerio de Miner\u00eda.<\/p>\n\n\n\n<p>Fue a fines de 2018 cuando una denuncia an\u00f3nima entregada al ministro de Miner\u00eda,&nbsp;Baldo Prokurica, advirti\u00f3 las primeras irregularidades en Codelco por el&nbsp;sobrepago de seguros de vida y contra accidentes para trabajadores.<\/p>\n\n\n\n<p>A partir de eso, se encarg\u00f3 una auditor\u00eda a Cochilco, que tras varios meses de fiscalizaci\u00f3n logr\u00f3 ratificar estas anomal\u00edas, las que motivaron a la cupr\u00edfera estatal a querellarse por&nbsp;estafa&nbsp;y pedir el&nbsp;desafuero de 22 dirigentes sindicales&nbsp;de las divisiones Chuquicamata y Radomiro Tomic.<\/p>\n\n\n\n<p>Por eso es que volvi\u00f3 a cuestionarse el desempe\u00f1o del organismo para detectar irregularidades en los recursos de la minera, al ser una denuncia an\u00f3nima la que destap\u00f3 los hechos.<\/p>\n\n\n\n<p>En ese contexto, el vicepresidente ejecutivo de Cochilco, Marco Riveros, urgi\u00f3 por una reforma a esa entidad que le entregue mayores atribuciones y \u201cfortalezca sus herramientas fiscalizadoras\u201d.<\/p>\n\n\n\n<p>A comienzos de agosto del a\u00f1o pasado, el ministro Prokurica era bastante cr\u00edtico de la gesti\u00f3n de Cochilco, principalmente en la fiscalizaci\u00f3n a Codelco, asegurando que \u201cha hecho una mala labor\u201d.<\/p>\n\n\n\n<p>Apenas cinco meses despu\u00e9s, el secretario de Estado cambi\u00f3 su parecer y asegur\u00f3 que la querella que present\u00f3 la minera estatal fue gracias al rol del organismo fiscalizador.<\/p>\n\n\n\n<p>Seg\u00fan el Ministerio de Miner\u00eda, Cochilco hizo 34 fiscalizaciones a Codelco en el a\u00f1o 2018, 30 m\u00e1s que en el 2017.<\/p>\n\n\n\n<p>La diputada socialista y presidenta de la comisi\u00f3n de Miner\u00eda,&nbsp;Daniela Cicardini, urge por una reforma a la Comisi\u00f3n Chilena del Cobre pues dijo que el \u201cdespilfarro de recursos de Codelco es impresentable\u201d.<\/p>\n\n\n\n<p>Seg\u00fan los antecedentes, en el caso de la presunta estafa por sobrepagos de seguros a trabajadores, la minera estatal habr\u00eda sufrido un perjuicio de unos&nbsp;US$22 millones.<\/p>\n","protected":false},"excerpt":{"rendered":"<p>La&nbsp;Comisi\u00f3n Chilena del Cobre (Cochilco)&nbsp;urgi\u00f3 por una&nbsp;reforma que le permita potenciar sus herramientas fiscalizadoras, esto despu\u00e9s de que a trav\u00e9s de una denuncia an\u00f3nima se&hellip; <\/p>\n","protected":false},"author":2,"featured_media":20162,"comment_status":"open","ping_status":"closed","sticky":false,"template":"","format":"standard","meta":{"footnotes":""},"categories":[7,34,37],"tags":[],"class_list":["post-20161","post","type-post","status-publish","format-standard","has-post-thumbnail","hentry","category-atacama","category-mineria","category-nacional"],"_links":{"self":[{"href":"https:\/\/www.radioamigavallenar.cl\/index.php?rest_route=\/wp\/v2\/posts\/20161","targetHints":{"allow":["GET"]}}],"collection":[{"href":"https:\/\/www.radioamigavallenar.cl\/index.php?rest_route=\/wp\/v2\/posts"}],"about":[{"href":"https:\/\/www.radioamigavallenar.cl\/index.php?rest_route=\/wp\/v2\/types\/post"}],"author":[{"embeddable":true,"href":"https:\/\/www.radioamigavallenar.cl\/index.php?rest_route=\/wp\/v2\/users\/2"}],"replies":[{"embeddable":true,"href":"https:\/\/www.radioamigavallenar.cl\/index.php?rest_route=%2Fwp%2Fv2%2Fcomments&post=20161"}],"version-history":[{"count":0,"href":"https:\/\/www.radioamigavallenar.cl\/index.php?rest_route=\/wp\/v2\/posts\/20161\/revisions"}],"wp:featuredmedia":[{"embeddable":true,"href":"https:\/\/www.radioamigavallenar.cl\/index.php?rest_route=\/wp\/v2\/media\/20162"}],"wp:attachment":[{"href":"https:\/\/www.radioamigavallenar.cl\/index.php?rest_route=%2Fwp%2Fv2%2Fmedia&parent=20161"}],"wp:term":[{"taxonomy":"category","embeddable":true,"href":"https:\/\/www.radioamigavallenar.cl\/index.php?rest_route=%2Fwp%2Fv2%2Fcategories&post=20161"},{"taxonomy":"post_tag","embeddable":true,"href":"https:\/\/www.radioamigavallenar.cl\/index.php?rest_route=%2Fwp%2Fv2%2Ftags&post=20161"}],"curies":[{"name":"wp","href":"https:\/\/api.w.org\/{rel}","templated":true}]}}