{"id":20158,"date":"2020-01-20T00:00:00","date_gmt":"2020-01-20T03:00:00","guid":{"rendered":"https:\/\/www.radioamigavallenar.cl\/?p=20158"},"modified":"2020-01-19T20:43:53","modified_gmt":"2020-01-19T23:43:53","slug":"sii-informa-que-iva-de-octubre-noviembre-y-diciembre-se-podra-pagar-y-declarar-hasta-el-31-de-enero","status":"publish","type":"post","link":"https:\/\/www.radioamigavallenar.cl\/?p=20158","title":{"rendered":"SII informa que IVA de octubre, noviembre y diciembre se podr\u00e1 pagar y declarar hasta el 31 de enero"},"content":{"rendered":"\n<div class=\"wp-block-image\"><figure class=\"aligncenter size-large\"><img loading=\"lazy\" decoding=\"async\" width=\"750\" height=\"400\" src=\"https:\/\/www.radioamigavallenar.cl\/wp-content\/uploads\/2020\/01\/a_uno_780683-750x400-1.jpg\" alt=\"\" class=\"wp-image-20159\" srcset=\"https:\/\/www.radioamigavallenar.cl\/wp-content\/uploads\/2020\/01\/a_uno_780683-750x400-1.jpg 750w, https:\/\/www.radioamigavallenar.cl\/wp-content\/uploads\/2020\/01\/a_uno_780683-750x400-1-300x160.jpg 300w\" sizes=\"auto, (max-width: 750px) 100vw, 750px\" \/><figcaption>Producci\u00f3n y montaje digital sobre el Servicio de Impuestos Internos (SII)\r\nIMAGEN\/AGENCIAUNO<\/figcaption><\/figure><\/div>\n\n\n\n<p>El\u00a0Servicio de Impuestos Internos (SII)\u00a0inform\u00f3 a los contribuyentes personas, micro, peque\u00f1as y medianas empresas, que las declaraciones de\u00a0IVA\u00a0correspondientes a los meses de octubre, noviembre y diciembre podr\u00e1n realizarse hasta el 31 de enero de 2020,\u00a0sin ning\u00fan tipo de multas o recargos.<\/p>\n\n\n\n<p>Esta medida busca facilitar la declaraci\u00f3n mensual para aquellos que se han visto afectados por la situaci\u00f3n que vive el pa\u00eds.<\/p>\n\n\n\n<p>Adicionalmente, explic\u00f3 el SII, lo anterior permitir\u00e1 que aquellos que cumplan los requisitos puedan acogerse a los\u00a0nuevos beneficios\u00a0que entrega la ley de apoyo a las Mipymes, cuando esta se encuentre publicada en el Diario Oficial.<\/p>\n\n\n\n<p>Por \u00faltimo, el SII record\u00f3 a los contribuyentes que sus canales de atenci\u00f3n remotos est\u00e1n \u201cdisponibles para entregar toda la informaci\u00f3n y orientaci\u00f3n que requieran para su cumplimiento tributario\u201d.<\/p>\n","protected":false},"excerpt":{"rendered":"<p>El\u00a0Servicio de Impuestos Internos (SII)\u00a0inform\u00f3 a los contribuyentes personas, micro, peque\u00f1as y medianas empresas, que las declaraciones de\u00a0IVA\u00a0correspondientes a los meses de octubre, noviembre y&hellip; <\/p>\n","protected":false},"author":2,"featured_media":20159,"comment_status":"open","ping_status":"closed","sticky":false,"template":"","format":"standard","meta":{"footnotes":""},"categories":[37],"tags":[],"class_list":["post-20158","post","type-post","status-publish","format-standard","has-post-thumbnail","hentry","category-nacional"],"_links":{"self":[{"href":"https:\/\/www.radioamigavallenar.cl\/index.php?rest_route=\/wp\/v2\/posts\/20158","targetHints":{"allow":["GET"]}}],"collection":[{"href":"https:\/\/www.radioamigavallenar.cl\/index.php?rest_route=\/wp\/v2\/posts"}],"about":[{"href":"https:\/\/www.radioamigavallenar.cl\/index.php?rest_route=\/wp\/v2\/types\/post"}],"author":[{"embeddable":true,"href":"https:\/\/www.radioamigavallenar.cl\/index.php?rest_route=\/wp\/v2\/users\/2"}],"replies":[{"embeddable":true,"href":"https:\/\/www.radioamigavallenar.cl\/index.php?rest_route=%2Fwp%2Fv2%2Fcomments&post=20158"}],"version-history":[{"count":0,"href":"https:\/\/www.radioamigavallenar.cl\/index.php?rest_route=\/wp\/v2\/posts\/20158\/revisions"}],"wp:featuredmedia":[{"embeddable":true,"href":"https:\/\/www.radioamigavallenar.cl\/index.php?rest_route=\/wp\/v2\/media\/20159"}],"wp:attachment":[{"href":"https:\/\/www.radioamigavallenar.cl\/index.php?rest_route=%2Fwp%2Fv2%2Fmedia&parent=20158"}],"wp:term":[{"taxonomy":"category","embeddable":true,"href":"https:\/\/www.radioamigavallenar.cl\/index.php?rest_route=%2Fwp%2Fv2%2Fcategories&post=20158"},{"taxonomy":"post_tag","embeddable":true,"href":"https:\/\/www.radioamigavallenar.cl\/index.php?rest_route=%2Fwp%2Fv2%2Ftags&post=20158"}],"curies":[{"name":"wp","href":"https:\/\/api.w.org\/{rel}","templated":true}]}}