{"id":20155,"date":"2020-01-20T00:01:00","date_gmt":"2020-01-20T03:01:00","guid":{"rendered":"https:\/\/www.radioamigavallenar.cl\/?p=20155"},"modified":"2020-01-19T20:40:25","modified_gmt":"2020-01-19T23:40:25","slug":"equipo-directivo-de-la-facmed-presento-proyecto-academico-en-el-hospital-de-huasco","status":"publish","type":"post","link":"https:\/\/www.radioamigavallenar.cl\/?p=20155","title":{"rendered":"Equipo Directivo de la FACMED present\u00f3 Proyecto Acad\u00e9mico en el Hospital de Huasco"},"content":{"rendered":"\n<div class=\"wp-block-image\"><figure class=\"aligncenter size-large\"><img loading=\"lazy\" decoding=\"async\" width=\"750\" height=\"400\" src=\"https:\/\/www.radioamigavallenar.cl\/wp-content\/uploads\/2020\/01\/huasco.jpg\" alt=\"\" class=\"wp-image-20156\" srcset=\"https:\/\/www.radioamigavallenar.cl\/wp-content\/uploads\/2020\/01\/huasco.jpg 750w, https:\/\/www.radioamigavallenar.cl\/wp-content\/uploads\/2020\/01\/huasco-300x160.jpg 300w\" sizes=\"auto, (max-width: 750px) 100vw, 750px\" \/><\/figure><\/div>\n\n\n\n<p class=\"has-text-align-center\"><strong>En esta iniciativa asistieron todos los Jefes de Servicio Cl\u00ednico del Hospital Provincial de Huasco.\u00a0<\/strong><\/p>\n\n\n\n<p>En dependencias del Hospital Provincial de Huasco, miembros del Equipo Directivo de la Facultad de Medicina de la Universidad de Atacama, en donde se encontraba el Decano (s) Dr. Jos\u00e9 Pino, la Secretaria Acad\u00e9mica,&nbsp;Mar\u00eda Paola Vieytes, y el Coordinador de la RAD, Dr. Jos\u00e9 Hern\u00e1ndez, fueron los encargados de presentar a los Jefes de Servicio de las distintas Unidades de Salud, el Proyecto Acad\u00e9mico, Programa, y la&nbsp;Planificaci\u00f3n de las actividades pr\u00e1cticas que se realizar\u00e1n en este recinto, con los estudiantes de Medicina en su tercer a\u00f1o.<\/p>\n\n\n\n<p>El Director del Departamento de Medicina y Decano (s) de la Facultad de Medicina, Dr. Jos\u00e9 Pino, dijo que \u201chemos tenido un recibimiento bastante bueno, hay entusiasmo y los m\u00e9dicos de las diferentes \u00e1reas est\u00e1n muy contentos de participar en labores docentes con los estudiantes\u201d.<\/p>\n\n\n\n<p>Adem\u00e1s, el Dr. Pino, explic\u00f3 que la importancia se centra en, \u201cplanificar c\u00f3mo vamos a insertar a nuestros estudiantes en esta Instituci\u00f3n, planificando desde ahora todos los campos cl\u00ednicos no solo en Copiap\u00f3, sino que tambi\u00e9n en Vallenar y en el futuro en otros hospitales o Cesfam, por ejemplo, en Huasco o en Cha\u00f1aral, porque es el rol social que tiene la Universidad p\u00fablica con la Regi\u00f3n de Atacama.\u201d<\/p>\n\n\n\n<p>En tanto, el Director del Hospital Provincial del Huasco, Juan Pablos Rojas, expres\u00f3 que, \u201cesta reuni\u00f3n de coordinaci\u00f3n es bastante relevante, justamente en c\u00f3mo se acerca la Universidad de Atacama a trav\u00e9s de la Facultad de Medicina, al quehacer hospitalario de nuestro Hospital Provincial del Huasco, siendo nosotros un campo cl\u00ednico bastante relevante para la formaci\u00f3n de los futuros m\u00e9dicos de la Regi\u00f3n de Atacama\u201d.<\/p>\n\n\n\n<p class=\"has-text-align-center\"><strong>TRABAJO FUTURO<\/strong><\/p>\n\n\n\n<p>\u201cSer\u00e1 un trabajo muy coordinado, en donde se van a incluir no solamente aquellos aspectos que son de conocimiento cient\u00edfico, sino que tambi\u00e9n aspectos de la formaci\u00f3n integral, que la Universidad manifiesta dentro de su planificaci\u00f3n de Malla Curricular, siendo los mismos preceptos, que nosotros como Hospital propiciamos en una atenci\u00f3n, que sea de altos est\u00e1ndares de calidad, en t\u00e9rminos de la atenci\u00f3n m\u00e9dica pero tambi\u00e9n acogedora, en t\u00e9rmino de la humanizaci\u00f3n y buen trato y satisfacci\u00f3n a nuestros usuarios\u201d, destac\u00f3 Rojas.<\/p>\n\n\n\n<p>Asimismo, el director del Hospital Provincial de Huasco expres\u00f3 que, \u201cen alg\u00fan momento, cuando comienza la Facultad de Medicina, lo vimos como algo en el futuro y el a\u00f1o 2020 se ve\u00eda como algo lejano. En la actualidad ya es algo concreto, es algo que se va a comenzar a implementar a partir de este a\u00f1o y para nosotros la verdad es que es muy importante, en especial porque abrimos las puertas para estudiar Medicina a nuestra comunidad, lo que nos hace pensar que el d\u00eda de ma\u00f1ana, tambi\u00e9n nuestros hijos podr\u00edan ser estudiantes de la Universidad de Atacama\u201d.<\/p>\n\n\n\n<p class=\"has-text-align-center\"><strong>MUTUO BENEFICIO&nbsp;<\/strong><\/p>\n\n\n\n<p>Por otra parte, la Secretaria Acad\u00e9mica de la Facultad de Medicina, Mar\u00eda Paola&nbsp;Vieytes, se\u00f1al\u00f3 que la importancia en el fondo es \u201ccrear y fomentar los lazos entre la Red Asistencial Docente Acad\u00e9mica, con la Red Asistencial del Hospital de Huasco y crear un escenario propicio para que los chicos se inserten en la pr\u00e1ctica y como se mencion\u00f3 en la reuni\u00f3n, existe una bilateralidad en este convenio\u201d.<\/p>\n\n\n\n<p>En este sentido, la Secretaria Acad\u00e9mica explic\u00f3 adem\u00e1s que, \u201clos Convenios Asistencial Docente hay que tomarlos como convenios entre dos partes, en donde por un lado se ofrecen los campos cl\u00ednicos, los espacios para hacer pr\u00e1ctica y por otro lado, la Universidad de Atacama otorga espacios de capacitaci\u00f3n para los m\u00e9dicos, en este caso, el Diplomado de Inform\u00e1tica M\u00e9dica y el Diplomado de Educaci\u00f3n M\u00e9dica, que son parte de los proyectos que se est\u00e1n ejecutando en la Facultad de Medicina, y otras instancias de crecimiento que vienen a fortalecer esta relaci\u00f3n\u201d.<\/p>\n\n\n\n<p>\u201cDe aqu\u00ed en adelante se proyecta tener reuniones de trabajo, crear un equipo t\u00e9cnico por ambas partes, crear los cupos necesarios para nuestros estudiantes y trabajos de labores tanto acad\u00e9micas como asistenciales. Para la Facultad es nuevo tener m\u00e9dicos trabajando, por lo tanto, el Servicio de Salud, con sus hospitales de la red y la Universidad de Atacama, tienen que llegar a un acuerdo de c\u00f3mo es la mejor manera de enfrentar este desaf\u00edo\u201d, finaliz\u00f3 la tecn\u00f3loga m\u00e9dica.<\/p>\n","protected":false},"excerpt":{"rendered":"<p>En esta iniciativa asistieron todos los Jefes de Servicio Cl\u00ednico del Hospital Provincial de Huasco.\u00a0 En dependencias del Hospital Provincial de Huasco, miembros del Equipo&hellip; <\/p>\n","protected":false},"author":2,"featured_media":20156,"comment_status":"open","ping_status":"closed","sticky":false,"template":"","format":"standard","meta":{"footnotes":""},"categories":[7,4,1,2],"tags":[],"class_list":["post-20155","post","type-post","status-publish","format-standard","has-post-thumbnail","hentry","category-atacama","category-huasco","category-provincia-del-huasco-2","category-vallenar"],"_links":{"self":[{"href":"https:\/\/www.radioamigavallenar.cl\/index.php?rest_route=\/wp\/v2\/posts\/20155","targetHints":{"allow":["GET"]}}],"collection":[{"href":"https:\/\/www.radioamigavallenar.cl\/index.php?rest_route=\/wp\/v2\/posts"}],"about":[{"href":"https:\/\/www.radioamigavallenar.cl\/index.php?rest_route=\/wp\/v2\/types\/post"}],"author":[{"embeddable":true,"href":"https:\/\/www.radioamigavallenar.cl\/index.php?rest_route=\/wp\/v2\/users\/2"}],"replies":[{"embeddable":true,"href":"https:\/\/www.radioamigavallenar.cl\/index.php?rest_route=%2Fwp%2Fv2%2Fcomments&post=20155"}],"version-history":[{"count":0,"href":"https:\/\/www.radioamigavallenar.cl\/index.php?rest_route=\/wp\/v2\/posts\/20155\/revisions"}],"wp:featuredmedia":[{"embeddable":true,"href":"https:\/\/www.radioamigavallenar.cl\/index.php?rest_route=\/wp\/v2\/media\/20156"}],"wp:attachment":[{"href":"https:\/\/www.radioamigavallenar.cl\/index.php?rest_route=%2Fwp%2Fv2%2Fmedia&parent=20155"}],"wp:term":[{"taxonomy":"category","embeddable":true,"href":"https:\/\/www.radioamigavallenar.cl\/index.php?rest_route=%2Fwp%2Fv2%2Fcategories&post=20155"},{"taxonomy":"post_tag","embeddable":true,"href":"https:\/\/www.radioamigavallenar.cl\/index.php?rest_route=%2Fwp%2Fv2%2Ftags&post=20155"}],"curies":[{"name":"wp","href":"https:\/\/api.w.org\/{rel}","templated":true}]}}