{"id":20152,"date":"2020-01-20T00:00:00","date_gmt":"2020-01-20T03:00:00","guid":{"rendered":"https:\/\/www.radioamigavallenar.cl\/?p=20152"},"modified":"2020-01-19T20:38:15","modified_gmt":"2020-01-19T23:38:15","slug":"psu-mas-de-111-mil-inscritos-podran-rendir-pruebas-pendientes-de-lenguaje-matematicas-y-ciencias","status":"publish","type":"post","link":"https:\/\/www.radioamigavallenar.cl\/?p=20152","title":{"rendered":"PSU: M\u00e1s de 111 mil inscritos podr\u00e1n rendir pruebas pendientes de Lenguaje, Matem\u00e1ticas y Ciencias"},"content":{"rendered":"\n<div class=\"wp-block-image\"><figure class=\"aligncenter size-large\"><img loading=\"lazy\" decoding=\"async\" width=\"940\" height=\"585\" src=\"https:\/\/www.radioamigavallenar.cl\/wp-content\/uploads\/2020\/01\/PSU-3.jpg\" alt=\"\" class=\"wp-image-20153\" srcset=\"https:\/\/www.radioamigavallenar.cl\/wp-content\/uploads\/2020\/01\/PSU-3.jpg 940w, https:\/\/www.radioamigavallenar.cl\/wp-content\/uploads\/2020\/01\/PSU-3-300x187.jpg 300w, https:\/\/www.radioamigavallenar.cl\/wp-content\/uploads\/2020\/01\/PSU-3-768x478.jpg 768w\" sizes=\"auto, (max-width: 940px) 100vw, 940px\" \/><\/figure><\/div>\n\n\n\n<p><strong>Desde el Demre informaron que en caso de haber rendido las pruebas el 6 y 7 de enero, para el c\u00e1lculo del puntaje se considerar\u00e1 la prueba con la nota m\u00e1s alta.<\/strong><\/p>\n\n\n\n<p>Han pasado m\u00e1s de diez d\u00edas desde la rendici\u00f3n de la Prueba de Selecci\u00f3n Universitaria los d\u00edas 6 y 7 de enero. No obstante, el proceso estuvo lleno de complicaciones.<\/p>\n\n\n\n<p>El martes 7 tuvo que ser cancelada en todo el pa\u00eds la evaluaci\u00f3n de Historia debido a que fue filtrada en las horas previas de su realizaci\u00f3n. Sumado a esto, en las otras pruebas ocurrieron funas que, en algunos casos, impidieron el normal proceso.<\/p>\n\n\n\n<p>Por dicha situaci\u00f3n, el Demre y el Cruch dispusieron nuevas fechas de rendici\u00f3n de las evaluaciones de Lenguaje, Matem\u00e1ticas y Ciencias para el pr\u00f3ximo 27 y 28 de enero.<\/p>\n\n\n\n<p>Y durante esta jornada se han dado a conocer nuevos antecedentes sobre dichos d\u00edas. De acuerdo con lo informado por el Demre, para las pr\u00f3ximas jornadas de rendici\u00f3n hay 111.080 personas habilitadas para dar la prueba de Matem\u00e1ticas, 69.978 para la de Lenguaje y 46.493 para la de Ciencias.<\/p>\n\n\n\n<p>Seg\u00fan lo detallado por la instituci\u00f3n, \u201cel procedimiento seguido para establecer la condici\u00f3n de habilitado para rendir estas pruebas, consider\u00f3&nbsp;La imposibilidad de rendici\u00f3n de esa prueba por la suspensi\u00f3n del local de aplicaci\u00f3n en la fecha original\u201d.<\/p>\n\n\n\n<p>Tambi\u00e9n fueron consideradas \u201clas condiciones de rendici\u00f3n an\u00f3malas y desfavorables, de acuerdo a lo consignado en las actas de aplicaci\u00f3n de cada local, los informes de Delegados y Jefes de Local, el testimonio del personal de aplicaci\u00f3n y los registros de situaciones particulares recibidas a trav\u00e9s de nuestra Mesa de Ayuda\u201d.<\/p>\n\n\n\n<p>Adem\u00e1s indicaron que la evaluaci\u00f3n es obligatoria para aquellos que les fue suspendida y adem\u00e1s que, en caso de haber rendido las pruebas el 6 y 7 de enero, para el c\u00e1lculo del puntaje se considerar\u00e1 la prueba con la nota m\u00e1s alta, misma situaci\u00f3n que ocurrir\u00e1 en caso de no presentarse los d\u00edas 27 y 28.<\/p>\n","protected":false},"excerpt":{"rendered":"<p>Desde el Demre informaron que en caso de haber rendido las pruebas el 6 y 7 de enero, para el c\u00e1lculo del puntaje se considerar\u00e1&hellip; <\/p>\n","protected":false},"author":2,"featured_media":20153,"comment_status":"open","ping_status":"closed","sticky":false,"template":"","format":"standard","meta":{"footnotes":""},"categories":[37],"tags":[],"class_list":["post-20152","post","type-post","status-publish","format-standard","has-post-thumbnail","hentry","category-nacional"],"_links":{"self":[{"href":"https:\/\/www.radioamigavallenar.cl\/index.php?rest_route=\/wp\/v2\/posts\/20152","targetHints":{"allow":["GET"]}}],"collection":[{"href":"https:\/\/www.radioamigavallenar.cl\/index.php?rest_route=\/wp\/v2\/posts"}],"about":[{"href":"https:\/\/www.radioamigavallenar.cl\/index.php?rest_route=\/wp\/v2\/types\/post"}],"author":[{"embeddable":true,"href":"https:\/\/www.radioamigavallenar.cl\/index.php?rest_route=\/wp\/v2\/users\/2"}],"replies":[{"embeddable":true,"href":"https:\/\/www.radioamigavallenar.cl\/index.php?rest_route=%2Fwp%2Fv2%2Fcomments&post=20152"}],"version-history":[{"count":0,"href":"https:\/\/www.radioamigavallenar.cl\/index.php?rest_route=\/wp\/v2\/posts\/20152\/revisions"}],"wp:featuredmedia":[{"embeddable":true,"href":"https:\/\/www.radioamigavallenar.cl\/index.php?rest_route=\/wp\/v2\/media\/20153"}],"wp:attachment":[{"href":"https:\/\/www.radioamigavallenar.cl\/index.php?rest_route=%2Fwp%2Fv2%2Fmedia&parent=20152"}],"wp:term":[{"taxonomy":"category","embeddable":true,"href":"https:\/\/www.radioamigavallenar.cl\/index.php?rest_route=%2Fwp%2Fv2%2Fcategories&post=20152"},{"taxonomy":"post_tag","embeddable":true,"href":"https:\/\/www.radioamigavallenar.cl\/index.php?rest_route=%2Fwp%2Fv2%2Ftags&post=20152"}],"curies":[{"name":"wp","href":"https:\/\/api.w.org\/{rel}","templated":true}]}}