{"id":20149,"date":"2020-01-20T00:00:00","date_gmt":"2020-01-20T03:00:00","guid":{"rendered":"https:\/\/www.radioamigavallenar.cl\/?p=20149"},"modified":"2020-01-19T20:36:46","modified_gmt":"2020-01-19T23:36:46","slug":"sii-publico-tasacion-fiscal-de-vehiculos-2020","status":"publish","type":"post","link":"https:\/\/www.radioamigavallenar.cl\/?p=20149","title":{"rendered":"SII public\u00f3 tasaci\u00f3n fiscal de veh\u00edculos 2020"},"content":{"rendered":"\n<div class=\"wp-block-image\"><figure class=\"aligncenter size-large\"><img loading=\"lazy\" decoding=\"async\" width=\"696\" height=\"465\" src=\"https:\/\/www.radioamigavallenar.cl\/wp-content\/uploads\/2020\/01\/Aton_211312-696x465-1.jpg\" alt=\"\" class=\"wp-image-20150\" srcset=\"https:\/\/www.radioamigavallenar.cl\/wp-content\/uploads\/2020\/01\/Aton_211312-696x465-1.jpg 696w, https:\/\/www.radioamigavallenar.cl\/wp-content\/uploads\/2020\/01\/Aton_211312-696x465-1-300x200.jpg 300w\" sizes=\"auto, (max-width: 696px) 100vw, 696px\" \/><\/figure><\/div>\n\n\n\n<p><strong>En el caso de los m\u00f3viles livianos, el aval\u00fao es la base imponible para que los municipios del pa\u00eds calculen el valor del Permiso de Circulaci\u00f3n obligatorio para el a\u00f1o en curso.<\/strong><\/p>\n\n\n\n<p>El\u00a0Servicio de Impuestos Internos (SII)\u00a0public\u00f3 este mi\u00e9rcoles la\u00a0tasaci\u00f3n fiscal de veh\u00edculos\u00a0livianos y pesados\u00a02020, la que puede ser consultada desde ya en el men\u00fa servicios online del organismo.<\/p>\n\n\n\n<p>En el caso de los m\u00f3viles livianos, el aval\u00fao es la base imponible para que los municipios del pa\u00eds calculen el valor del\u00a0Permiso de Circulaci\u00f3n\u00a0obligatorio para el a\u00f1o en curso.<\/p>\n\n\n\n<p>Si un modelo no se encuentra en los listados de tasaci\u00f3n, le corresponde al director de Tr\u00e1nsito del municipio respectivo asimilar a otro modelo del listado que re\u00fana caracter\u00edsticas parecidas.<\/p>\n\n\n\n<p>Por su parte, la tasaci\u00f3n de aquellos de mayor talaje permite calcular la base imponible del Impuesto Anual a la Renta, si es que son utilizados para el transporte de pasajeros y\/o carga ajena y est\u00e1n acogidos al r\u00e9gimen tributario de renta presunta.<\/p>\n\n\n\n<p>Si necesita conocer m\u00e1s detalles, puede consultar las\u00a0preguntas frecuentes\u00a0que hemos preparado sobre esta materia.<\/p>\n","protected":false},"excerpt":{"rendered":"<p>En el caso de los m\u00f3viles livianos, el aval\u00fao es la base imponible para que los municipios del pa\u00eds calculen el valor del Permiso de&hellip; <\/p>\n","protected":false},"author":2,"featured_media":20150,"comment_status":"open","ping_status":"closed","sticky":false,"template":"","format":"standard","meta":{"footnotes":""},"categories":[37],"tags":[],"class_list":["post-20149","post","type-post","status-publish","format-standard","has-post-thumbnail","hentry","category-nacional"],"_links":{"self":[{"href":"https:\/\/www.radioamigavallenar.cl\/index.php?rest_route=\/wp\/v2\/posts\/20149","targetHints":{"allow":["GET"]}}],"collection":[{"href":"https:\/\/www.radioamigavallenar.cl\/index.php?rest_route=\/wp\/v2\/posts"}],"about":[{"href":"https:\/\/www.radioamigavallenar.cl\/index.php?rest_route=\/wp\/v2\/types\/post"}],"author":[{"embeddable":true,"href":"https:\/\/www.radioamigavallenar.cl\/index.php?rest_route=\/wp\/v2\/users\/2"}],"replies":[{"embeddable":true,"href":"https:\/\/www.radioamigavallenar.cl\/index.php?rest_route=%2Fwp%2Fv2%2Fcomments&post=20149"}],"version-history":[{"count":0,"href":"https:\/\/www.radioamigavallenar.cl\/index.php?rest_route=\/wp\/v2\/posts\/20149\/revisions"}],"wp:featuredmedia":[{"embeddable":true,"href":"https:\/\/www.radioamigavallenar.cl\/index.php?rest_route=\/wp\/v2\/media\/20150"}],"wp:attachment":[{"href":"https:\/\/www.radioamigavallenar.cl\/index.php?rest_route=%2Fwp%2Fv2%2Fmedia&parent=20149"}],"wp:term":[{"taxonomy":"category","embeddable":true,"href":"https:\/\/www.radioamigavallenar.cl\/index.php?rest_route=%2Fwp%2Fv2%2Fcategories&post=20149"},{"taxonomy":"post_tag","embeddable":true,"href":"https:\/\/www.radioamigavallenar.cl\/index.php?rest_route=%2Fwp%2Fv2%2Ftags&post=20149"}],"curies":[{"name":"wp","href":"https:\/\/api.w.org\/{rel}","templated":true}]}}