{"id":20146,"date":"2020-01-20T00:00:00","date_gmt":"2020-01-20T03:00:00","guid":{"rendered":"https:\/\/www.radioamigavallenar.cl\/?p=20146"},"modified":"2020-01-19T20:34:39","modified_gmt":"2020-01-19T23:34:39","slug":"gato-colocolo-atropellado-en-2018-volvio-disecado-al-museo-regional-de-atacama","status":"publish","type":"post","link":"https:\/\/www.radioamigavallenar.cl\/?p=20146","title":{"rendered":"Gato colocolo atropellado en 2018 volvi\u00f3 disecado al Museo Regional de Atacama"},"content":{"rendered":"\n<div class=\"wp-block-image\"><figure class=\"aligncenter size-large\"><img loading=\"lazy\" decoding=\"async\" width=\"1024\" height=\"576\" src=\"https:\/\/www.radioamigavallenar.cl\/wp-content\/uploads\/2020\/01\/foto_0000001120200119172942-1024x576.jpeg\" alt=\"\" class=\"wp-image-20147\" srcset=\"https:\/\/www.radioamigavallenar.cl\/wp-content\/uploads\/2020\/01\/foto_0000001120200119172942-1024x576.jpeg 1024w, https:\/\/www.radioamigavallenar.cl\/wp-content\/uploads\/2020\/01\/foto_0000001120200119172942-300x169.jpeg 300w, https:\/\/www.radioamigavallenar.cl\/wp-content\/uploads\/2020\/01\/foto_0000001120200119172942-768x432.jpeg 768w, https:\/\/www.radioamigavallenar.cl\/wp-content\/uploads\/2020\/01\/foto_0000001120200119172942.jpeg 1130w\" sizes=\"auto, (max-width: 1024px) 100vw, 1024px\" \/><\/figure><\/div>\n\n\n\n<p>El felino fue encontrado en el parque nacional Llanos de Challe y Conaf don\u00f3 su cuerpo.<\/p>\n\n\n\n<p>Un gato colocolo y una vizcacha disecados son los nuevos espec\u00edmenes que forman parte de la colecci\u00f3n de biodiversidad del Museo Regional de Atacama en Copiap\u00f3.<\/p>\n\n\n\n<p>El felino, que fue entregado por Conaf, se trata de un ejemplar que fue\u00a0atropellado en la ruta C-440 que pasa por el Parque Nacional Llanos de Challe, en septiembre de 2018.<\/p>\n\n\n\n<p>Tras cumplir con los protocolos sanitarios para evitar su descomposici\u00f3n, fue enviado al\u00a0Museo de Historia Natural para el trabajo de taxidermia.<\/p>\n\n\n\n<p>\u201cHemos recibido la noticia de la llegada al Museo Regional del gato colocolo y el objetivo es que la gente lo conozca, porque\u00a0es una especie dif\u00edcil de observar y que adem\u00e1s se tome conciencia del cuidado de este felino\u00a0que habita en la regi\u00f3n y que est\u00e1 en categor\u00eda de vulnerable\u201d, afirm\u00f3 el\u00a0director de Conaf Atacama, H\u00e9ctor Soto.<\/p>\n\n\n\n<p>Por su parte, el\u00a0director del recinto, Guillermo Cort\u00e9s, se\u00f1al\u00f3 que \u201ces el gato que fue atropellado en Llanos de Challe el a\u00f1o 2018.\u00a0Se hizo el proceso de taxidermia que no fue poco y hubo que arreglar algunas partes golpeada del rostro\u201d.<\/p>\n\n\n\n<p>\u201cJunto con el gato lleg\u00f3 una vizcacha que\u00a0era parte del zool\u00f3gico municipal, entonces la municipalidad de Copiap\u00f3 en su af\u00e1n de preservar, nos la entreg\u00f3. Se trata de un roedor t\u00edpico de la alta monta\u00f1a\u201d, agreg\u00f3 Guillermo Cort\u00e9s.<\/p>\n\n\n\n<p>El gato coloco fue visto por primera vez en el a\u00f1o 2012 en la regi\u00f3n y desde entonces\u00a0se ha confirmado su existencia<strong>\u00a0<\/strong>en la zona\u00a0mediante la utilizaci\u00f3n de c\u00e1maras trampa.<\/p>\n","protected":false},"excerpt":{"rendered":"<p>El felino fue encontrado en el parque nacional Llanos de Challe y Conaf don\u00f3 su cuerpo. Un gato colocolo y una vizcacha disecados son los&hellip; <\/p>\n","protected":false},"author":2,"featured_media":20147,"comment_status":"open","ping_status":"closed","sticky":false,"template":"","format":"standard","meta":{"footnotes":""},"categories":[7],"tags":[],"class_list":["post-20146","post","type-post","status-publish","format-standard","has-post-thumbnail","hentry","category-atacama"],"_links":{"self":[{"href":"https:\/\/www.radioamigavallenar.cl\/index.php?rest_route=\/wp\/v2\/posts\/20146","targetHints":{"allow":["GET"]}}],"collection":[{"href":"https:\/\/www.radioamigavallenar.cl\/index.php?rest_route=\/wp\/v2\/posts"}],"about":[{"href":"https:\/\/www.radioamigavallenar.cl\/index.php?rest_route=\/wp\/v2\/types\/post"}],"author":[{"embeddable":true,"href":"https:\/\/www.radioamigavallenar.cl\/index.php?rest_route=\/wp\/v2\/users\/2"}],"replies":[{"embeddable":true,"href":"https:\/\/www.radioamigavallenar.cl\/index.php?rest_route=%2Fwp%2Fv2%2Fcomments&post=20146"}],"version-history":[{"count":0,"href":"https:\/\/www.radioamigavallenar.cl\/index.php?rest_route=\/wp\/v2\/posts\/20146\/revisions"}],"wp:featuredmedia":[{"embeddable":true,"href":"https:\/\/www.radioamigavallenar.cl\/index.php?rest_route=\/wp\/v2\/media\/20147"}],"wp:attachment":[{"href":"https:\/\/www.radioamigavallenar.cl\/index.php?rest_route=%2Fwp%2Fv2%2Fmedia&parent=20146"}],"wp:term":[{"taxonomy":"category","embeddable":true,"href":"https:\/\/www.radioamigavallenar.cl\/index.php?rest_route=%2Fwp%2Fv2%2Fcategories&post=20146"},{"taxonomy":"post_tag","embeddable":true,"href":"https:\/\/www.radioamigavallenar.cl\/index.php?rest_route=%2Fwp%2Fv2%2Ftags&post=20146"}],"curies":[{"name":"wp","href":"https:\/\/api.w.org\/{rel}","templated":true}]}}