{"id":20143,"date":"2020-01-18T10:39:23","date_gmt":"2020-01-18T13:39:23","guid":{"rendered":"https:\/\/www.radioamigavallenar.cl\/?p=20143"},"modified":"2020-01-18T10:39:24","modified_gmt":"2020-01-18T13:39:24","slug":"gobierno-afina-indicaciones-a-reforma-de-pensiones-y-busca-cerrar-votos-de-la-dc","status":"publish","type":"post","link":"https:\/\/www.radioamigavallenar.cl\/?p=20143","title":{"rendered":"Gobierno afina indicaciones a reforma de pensiones y busca cerrar votos de la DC"},"content":{"rendered":"\n<div class=\"wp-block-image\"><figure class=\"aligncenter size-large\"><img loading=\"lazy\" decoding=\"async\" width=\"900\" height=\"600\" src=\"https:\/\/www.radioamigavallenar.cl\/wp-content\/uploads\/2020\/01\/Imagen-TEMATICA-JUBILADO-TERCERA-EDAD-1188-900x600-1.jpg\" alt=\"\" class=\"wp-image-20144\" srcset=\"https:\/\/www.radioamigavallenar.cl\/wp-content\/uploads\/2020\/01\/Imagen-TEMATICA-JUBILADO-TERCERA-EDAD-1188-900x600-1.jpg 900w, https:\/\/www.radioamigavallenar.cl\/wp-content\/uploads\/2020\/01\/Imagen-TEMATICA-JUBILADO-TERCERA-EDAD-1188-900x600-1-300x200.jpg 300w, https:\/\/www.radioamigavallenar.cl\/wp-content\/uploads\/2020\/01\/Imagen-TEMATICA-JUBILADO-TERCERA-EDAD-1188-900x600-1-768x512.jpg 768w\" sizes=\"auto, (max-width: 900px) 100vw, 900px\" \/><\/figure><\/div>\n\n\n\n<p><strong>Durante la jornada de ayer, el Ejecutivo y en particular la ministra del Trabajo, Mar\u00eda Jos\u00e9 Zald\u00edvar, tuvo varias reuniones en el ministerio para terminar de ajustar el texto. Las indicaciones ingresar\u00edan el lunes.<\/strong><\/p>\n\n\n\n<p>El gobierno inici\u00f3 una ofensiva para transmitir a la ciudadan\u00eda los beneficios de la reforma previsional que anunci\u00f3 esta semana, en cadena nacional, el Presidente Sebasti\u00e1n Pi\u00f1era.<\/p>\n\n\n\n<p>Mientras eso avanza, los equipos t\u00e9cnicos de Trabajo y Hacienda siguen afinando los detalles de las indicaciones y el informe financiero. El objetivo del gobierno es que el texto sea ingresado el lunes a la Comisi\u00f3n de Trabajo, ya que esa es la instancia de origen, por lo tanto, la discusi\u00f3n debe comenzar desde cero nuevamente.<\/p>\n\n\n\n<p>Es por esto que durante la jornada de ayer, el Ejecutivo y en particular la ministra del Trabajo, Mar\u00eda Jos\u00e9 Zald\u00edvar tuvo varias reuniones en el ministerio para terminar de ajustar el texto.<\/p>\n\n\n\n<p>El inminente arribo de la propuesta gubernamental tambi\u00e9n oblig\u00f3 a la oposici\u00f3n a alterar su agenda que ten\u00eda contemplado afinar su propuesta de pensiones durante esta semana. Es as\u00ed como el lunes a las 10 horas se reunir\u00e1n diputados y senadores de Trabajo para escuchar los c\u00e1lculos de sus t\u00e9cnicos y el impacto en las pensiones si el 6% de cotizaci\u00f3n va a un sistema solidario; y luego a las 12 han sido invitados a una reuni\u00f3n con la ministra Zald\u00edvar para intercambiar ideas. Adem\u00e1s, la C\u00e1mara de Diputados decidi\u00f3 suspender su semana distrital que part\u00eda el viernes 24 y seguir con sesiones hasta fines de enero.<\/p>\n\n\n\n<h2 class=\"has-text-align-center wp-block-heading\">Estrategia legislativa<\/h2>\n\n\n\n<p>El gobierno se autoimpuso como meta tener aprobado el proyecto en marzo, ya que el objetivo es que estar pagando las nuevas pensiones en abril. Y por ello, si bien el prop\u00f3sito es buscar un amplio consenso, tambi\u00e9n ya se comenz\u00f3 a tender puentes con los parlamentarios de la DC, ya que precisamente esta colectividad se ha mostrado abierta a lograr consenso en otras materias legislativas.<\/p>\n\n\n\n<p>De hecho, los encargados de negociar con el gobierno es el propio presidente de esa tienda, Fuad Chahin y el diputado que integra la Comisi\u00f3n de Trabajo, Gabriel Silber, quienes esperan ser un puente entre el Ejecutivo y la oposici\u00f3n.<\/p>\n\n\n\n<p>Cabe recordar que la nueva propuesta concede varios aspectos solicitados por la oposici\u00f3n. Uno de ellos es que la cotizaci\u00f3n adicional con cargo al empleador ahora ser\u00e1 de 6%, en comparaci\u00f3n al 5% que ten\u00eda considerado antes el gobierno. Nada de este aporte podr\u00e1 ser administrado por las AFP, algo que tambi\u00e9n ped\u00edan desde la otra vereda pol\u00edtica. Del total, 3 puntos ir\u00e1n a una cuenta individual de cada trabajador, y la mitad restante ser\u00e1 destinado para un fondo de ahorro colectivo solidario, que beneficiar\u00e1 a personas que ya tienen pensi\u00f3n autofinanciada o aporte del Pilar Solidario, a los pensionados actuales y futuros, en mayor medida a las mujeres y la clase media.<\/p>\n","protected":false},"excerpt":{"rendered":"<p>Durante la jornada de ayer, el Ejecutivo y en particular la ministra del Trabajo, Mar\u00eda Jos\u00e9 Zald\u00edvar, tuvo varias reuniones en el ministerio para terminar&hellip; <\/p>\n","protected":false},"author":2,"featured_media":20144,"comment_status":"open","ping_status":"closed","sticky":false,"template":"","format":"standard","meta":{"footnotes":""},"categories":[37],"tags":[],"class_list":["post-20143","post","type-post","status-publish","format-standard","has-post-thumbnail","hentry","category-nacional"],"_links":{"self":[{"href":"https:\/\/www.radioamigavallenar.cl\/index.php?rest_route=\/wp\/v2\/posts\/20143","targetHints":{"allow":["GET"]}}],"collection":[{"href":"https:\/\/www.radioamigavallenar.cl\/index.php?rest_route=\/wp\/v2\/posts"}],"about":[{"href":"https:\/\/www.radioamigavallenar.cl\/index.php?rest_route=\/wp\/v2\/types\/post"}],"author":[{"embeddable":true,"href":"https:\/\/www.radioamigavallenar.cl\/index.php?rest_route=\/wp\/v2\/users\/2"}],"replies":[{"embeddable":true,"href":"https:\/\/www.radioamigavallenar.cl\/index.php?rest_route=%2Fwp%2Fv2%2Fcomments&post=20143"}],"version-history":[{"count":0,"href":"https:\/\/www.radioamigavallenar.cl\/index.php?rest_route=\/wp\/v2\/posts\/20143\/revisions"}],"wp:featuredmedia":[{"embeddable":true,"href":"https:\/\/www.radioamigavallenar.cl\/index.php?rest_route=\/wp\/v2\/media\/20144"}],"wp:attachment":[{"href":"https:\/\/www.radioamigavallenar.cl\/index.php?rest_route=%2Fwp%2Fv2%2Fmedia&parent=20143"}],"wp:term":[{"taxonomy":"category","embeddable":true,"href":"https:\/\/www.radioamigavallenar.cl\/index.php?rest_route=%2Fwp%2Fv2%2Fcategories&post=20143"},{"taxonomy":"post_tag","embeddable":true,"href":"https:\/\/www.radioamigavallenar.cl\/index.php?rest_route=%2Fwp%2Fv2%2Ftags&post=20143"}],"curies":[{"name":"wp","href":"https:\/\/api.w.org\/{rel}","templated":true}]}}