{"id":20139,"date":"2020-01-18T10:33:57","date_gmt":"2020-01-18T13:33:57","guid":{"rendered":"https:\/\/www.radioamigavallenar.cl\/?p=20139"},"modified":"2020-01-18T10:34:38","modified_gmt":"2020-01-18T13:34:38","slug":"ministerio-de-transporte-anuncio-rebaja-del-50-en-el-transporte-publico-para-adultos-mayores-en-todo-el-pais","status":"publish","type":"post","link":"https:\/\/www.radioamigavallenar.cl\/?p=20139","title":{"rendered":"Ministerio de Transporte anunci\u00f3 rebaja del 50% en el transporte p\u00fablico para Adultos Mayores en todo el Pa\u00eds"},"content":{"rendered":"\n<div class=\"wp-block-image\"><figure class=\"aligncenter size-large\"><img loading=\"lazy\" decoding=\"async\" width=\"770\" height=\"450\" src=\"https:\/\/www.radioamigavallenar.cl\/wp-content\/uploads\/2020\/01\/4004415_n_vir3.jpg\" alt=\"\" class=\"wp-image-20140\" srcset=\"https:\/\/www.radioamigavallenar.cl\/wp-content\/uploads\/2020\/01\/4004415_n_vir3.jpg 770w, https:\/\/www.radioamigavallenar.cl\/wp-content\/uploads\/2020\/01\/4004415_n_vir3-300x175.jpg 300w, https:\/\/www.radioamigavallenar.cl\/wp-content\/uploads\/2020\/01\/4004415_n_vir3-768x449.jpg 768w\" sizes=\"auto, (max-width: 770px) 100vw, 770px\" \/><\/figure><\/div>\n\n\n\n<p class=\"has-text-align-center\"><strong>Desde la cartera anunciaron que esta iniciativa estar\u00e1 implementada, a m\u00e1s tardar, el 01 julio de este a\u00f1o a nivel nacional.<\/strong><\/p>\n\n\n\n<p>Tal como se hab\u00eda anunciado durante noviembre,\u00a0todos los adultos mayores de 65 a\u00f1os\u00a0en adelante\u00a0tendr\u00e1n derecho a una tarifa rebajada en un 50% en transporte p\u00fablico\u00a0por medio de un subsidio estatal.<\/p>\n\n\n\n<p>As\u00ed lo confirm\u00f3 el subsecretario de transporte,\u00a0Jos\u00e9 Luis Dom\u00ednguez, quien se\u00f1al\u00f3 que el\u00a0plazo l\u00edmite\u00a0para implementar la medida es el\u00a0pr\u00f3ximo 01 de julio. \u00abQueremos privilegiar a los adultos mayores, y es por eso que estamos trabajando muy aceleradamente en un cronograma que nos va a permitir\u00a0la rebaja tarifaria del 50% a todos los adultos mayores\u00a0que tengan m\u00e1s de 65 a\u00f1os a la brevedad posible\u00bb, se\u00f1al\u00f3.<\/p>\n\n\n\n<p>\u00abEsta medida va a favorecer a\u00a0m\u00e1s de dos millones de personas en todo el pa\u00eds\u00a0y tendremos que tenerla\u00a0implementada a m\u00e1s tardar el 01 de julio de este a\u00f1o\u00bb, sentenci\u00f3 la autoridad.<\/p>\n\n\n\n<p>Adem\u00e1s, en su \u00faltima sesi\u00f3n llevada a cabo el 28 de noviembre, el Panel de Expertos se\u00a0abri\u00f3 a la posibilidad de rebajar la tarifa a las comunas m\u00e1s vulnerables de Santiago, para lo que la Gerencia de Finanzas y Control de la Direcci\u00f3n de Transportes Metropolitana, en conjunto con el Ministerio de Hacienda,\u00a0estar\u00edan realizando estudios\u00a0preliminares para evaluar qui\u00e9nes ser\u00edan los beneficiados.<\/p>\n","protected":false},"excerpt":{"rendered":"<p>Desde la cartera anunciaron que esta iniciativa estar\u00e1 implementada, a m\u00e1s tardar, el 01 julio de este a\u00f1o a nivel nacional. Tal como se hab\u00eda&hellip; <\/p>\n","protected":false},"author":2,"featured_media":20140,"comment_status":"open","ping_status":"closed","sticky":false,"template":"","format":"standard","meta":{"footnotes":""},"categories":[37],"tags":[],"class_list":["post-20139","post","type-post","status-publish","format-standard","has-post-thumbnail","hentry","category-nacional"],"_links":{"self":[{"href":"https:\/\/www.radioamigavallenar.cl\/index.php?rest_route=\/wp\/v2\/posts\/20139","targetHints":{"allow":["GET"]}}],"collection":[{"href":"https:\/\/www.radioamigavallenar.cl\/index.php?rest_route=\/wp\/v2\/posts"}],"about":[{"href":"https:\/\/www.radioamigavallenar.cl\/index.php?rest_route=\/wp\/v2\/types\/post"}],"author":[{"embeddable":true,"href":"https:\/\/www.radioamigavallenar.cl\/index.php?rest_route=\/wp\/v2\/users\/2"}],"replies":[{"embeddable":true,"href":"https:\/\/www.radioamigavallenar.cl\/index.php?rest_route=%2Fwp%2Fv2%2Fcomments&post=20139"}],"version-history":[{"count":0,"href":"https:\/\/www.radioamigavallenar.cl\/index.php?rest_route=\/wp\/v2\/posts\/20139\/revisions"}],"wp:featuredmedia":[{"embeddable":true,"href":"https:\/\/www.radioamigavallenar.cl\/index.php?rest_route=\/wp\/v2\/media\/20140"}],"wp:attachment":[{"href":"https:\/\/www.radioamigavallenar.cl\/index.php?rest_route=%2Fwp%2Fv2%2Fmedia&parent=20139"}],"wp:term":[{"taxonomy":"category","embeddable":true,"href":"https:\/\/www.radioamigavallenar.cl\/index.php?rest_route=%2Fwp%2Fv2%2Fcategories&post=20139"},{"taxonomy":"post_tag","embeddable":true,"href":"https:\/\/www.radioamigavallenar.cl\/index.php?rest_route=%2Fwp%2Fv2%2Ftags&post=20139"}],"curies":[{"name":"wp","href":"https:\/\/api.w.org\/{rel}","templated":true}]}}