{"id":20135,"date":"2020-01-18T09:50:40","date_gmt":"2020-01-18T12:50:40","guid":{"rendered":"https:\/\/www.radioamigavallenar.cl\/?p=20135"},"modified":"2020-01-18T09:50:42","modified_gmt":"2020-01-18T12:50:42","slug":"cobre-alcanzo-esta-semana-su-mayor-precio-en-nueve-meses","status":"publish","type":"post","link":"https:\/\/www.radioamigavallenar.cl\/?p=20135","title":{"rendered":"Cobre alcanz\u00f3 esta semana su mayor precio en nueve meses"},"content":{"rendered":"\n<div class=\"wp-block-image\"><figure class=\"aligncenter size-large\"><img loading=\"lazy\" decoding=\"async\" width=\"1024\" height=\"576\" src=\"https:\/\/www.radioamigavallenar.cl\/wp-content\/uploads\/2020\/01\/foto_0000000120200117231857-1024x576.jpg\" alt=\"\" class=\"wp-image-20136\" srcset=\"https:\/\/www.radioamigavallenar.cl\/wp-content\/uploads\/2020\/01\/foto_0000000120200117231857-1024x576.jpg 1024w, https:\/\/www.radioamigavallenar.cl\/wp-content\/uploads\/2020\/01\/foto_0000000120200117231857-300x169.jpg 300w, https:\/\/www.radioamigavallenar.cl\/wp-content\/uploads\/2020\/01\/foto_0000000120200117231857-768x432.jpg 768w, https:\/\/www.radioamigavallenar.cl\/wp-content\/uploads\/2020\/01\/foto_0000000120200117231857.jpg 1130w\" sizes=\"auto, (max-width: 1024px) 100vw, 1024px\" \/><\/figure><\/div>\n\n\n\n<p>El Gobierno destac\u00f3 el aumento y lo atribuy\u00f3 a la tregua en la guerra comercial entre EEUU y China, conflicto que manten\u00eda \u00abartificialmente a la baja\u00bb el metal.<\/p>\n\n\n\n<p>El llamado \u00absueldo de Chile\u00bb super\u00f3 la barrera de los 2,8 d\u00f3lares por libra, el mejor registro desde mayo del a\u00f1o pasado.<\/p>\n\n\n\n<p>El precio del cobre super\u00f3 la barrera de los 2,8 d\u00f3lares por libra durante esta semana y alcanz\u00f3 su mayor valor en nueves meses.<\/p>\n\n\n\n<p>Espec\u00edficamente el jueves, cada libra de cobre se trans\u00f3 en\u00a02,85 d\u00f3lares, el registro m\u00e1s alto\u00a0desde el 1 de mayo de 2019, cuando lleg\u00f3 hasta 2,9 d\u00f3lares, seg\u00fan cifras de la Sociedad Nacional de Miner\u00eda.<\/p>\n\n\n\n<figure class=\"wp-block-image\"><img decoding=\"async\" src=\"https:\/\/www.cooperativa.cl\/noticias\/site\/artic\/20200117\/imag\/foto_0000000220200117231857.jpg\" alt=\"\"\/><\/figure>\n\n\n\n<p>El precio del cobre el jueves. (Fuente: Sonami)<\/p>\n\n\n\n<p>Desde aquella vez, el valor baj\u00f3 y oscil\u00f3 durante los meses siguientes entre 2,5 y 2,7 d\u00f3lares, hasta esta semana, cuando desde el lunes comenz\u00f3 a cotizarse sobre los 2,8 d\u00f3lares, y\u00a0cerr\u00f3 este viernes en 2,84 d\u00f3lares.<\/p>\n\n\n\n<p>El ministro de Miner\u00eda,\u00a0Baldo Prokurica, destac\u00f3 el precio y asegur\u00f3 que, como \u00ablo hab\u00edamos dicho tantas veces,\u00a0el precio de la libra internacional de cobre estaba en forma artificial a la baja producto de la influencia de la guerra comercial, y no de los t\u00e9rminos econ\u00f3micos de la oferta y la demanda\u00bb.<\/p>\n\n\n\n<p>El secretario de Estado reconoci\u00f3 que ha habido \u00abuno de los stock m\u00e1s bajos de la \u00faltima d\u00e9cada, sin embargo esta situaci\u00f3n no mejoraba, pero hoy tenemos esa gran noticia que es el aumento del precio de la libra de cobre\u00bb.<\/p>\n\n\n\n<p>La guerra comercial vive d\u00edas auspiciosos luego de que Estados Unidos y China sellaron\u00a0la primera fase de un acuerdo\u00a0que supone una tregua tras 18 meses de tensiones.<\/p>\n\n\n\n<h2 class=\"has-text-align-center wp-block-heading\"><em>Mayores ingresos fiscales&#8230; \u00bfy ayuda contra el desempleo?<\/em><\/h2>\n\n\n\n<p>Se estima que por cada diez centavos de libra que aumenta el precio del cobre, representan unos 600 millones de d\u00f3lares adicionales a las arcas fiscales chilenas en un a\u00f1o.<\/p>\n\n\n\n<p>Seg\u00fan\u00a0Diego Mora, analista de mercados de XTB Latam, \u00abpor lo general cuando el precio del cobre est\u00e1 entre 2,85 y 3,0 d\u00f3lares la libra, termina constituyendo pr\u00e1cticamente el 20 por ciento de los ingresos fiscales\u00bb, por lo que \u00absi el precio del cobre sube, es bastante beneficioso porque directamente el Estado chileno tiene una mayor alcanc\u00eda\u00a0para poder utilizarla en gasto fiscal, bienes p\u00fablicos, carreteras, hospitales, bienes y servicios que todos necesitamos\u00bb.<\/p>\n\n\n\n<p>Expertos prev\u00e9n que el aumento en el precio del cobre ayude incluso a mejorar las cifras de desempleo del pa\u00eds en medio de la crisis, que s\u00f3lo en el\u00a0trimestre septiembre-noviembre lleg\u00f3 a 6,9 por ciento.<\/p>\n\n\n\n<p>\u00abMientras se produzca una mitigaci\u00f3n a trav\u00e9s de una expansi\u00f3n de la demanda china, significa que\u00a0podr\u00eda mitigar el aumento de la tasa de desempleo que estamos observando, y asegurarle ingresos a aquellos que est\u00e1n en peligro a perder su fuente de trabajo\u00bb, sostuvo el economista\u00a0Alejandro Alarc\u00f3n, ex gerente general de la Asociaci\u00f3n de Bancos de Chile.<\/p>\n\n\n\n<p>\u00abY ayuda tambi\u00e9n a los proveedores de la miner\u00eda en Chile, que son miles, por lo tanto es muy buena noticia en t\u00e9rminos de mitigar los efectos de la ca\u00edda por malas expectativas econ\u00f3micas que tenemos en este momento\u00bb, concluy\u00f3.<\/p>\n","protected":false},"excerpt":{"rendered":"<p>El Gobierno destac\u00f3 el aumento y lo atribuy\u00f3 a la tregua en la guerra comercial entre EEUU y China, conflicto que manten\u00eda \u00abartificialmente a la&hellip; <\/p>\n","protected":false},"author":2,"featured_media":20136,"comment_status":"open","ping_status":"closed","sticky":false,"template":"","format":"standard","meta":{"footnotes":""},"categories":[7,34,37],"tags":[],"class_list":["post-20135","post","type-post","status-publish","format-standard","has-post-thumbnail","hentry","category-atacama","category-mineria","category-nacional"],"_links":{"self":[{"href":"https:\/\/www.radioamigavallenar.cl\/index.php?rest_route=\/wp\/v2\/posts\/20135","targetHints":{"allow":["GET"]}}],"collection":[{"href":"https:\/\/www.radioamigavallenar.cl\/index.php?rest_route=\/wp\/v2\/posts"}],"about":[{"href":"https:\/\/www.radioamigavallenar.cl\/index.php?rest_route=\/wp\/v2\/types\/post"}],"author":[{"embeddable":true,"href":"https:\/\/www.radioamigavallenar.cl\/index.php?rest_route=\/wp\/v2\/users\/2"}],"replies":[{"embeddable":true,"href":"https:\/\/www.radioamigavallenar.cl\/index.php?rest_route=%2Fwp%2Fv2%2Fcomments&post=20135"}],"version-history":[{"count":0,"href":"https:\/\/www.radioamigavallenar.cl\/index.php?rest_route=\/wp\/v2\/posts\/20135\/revisions"}],"wp:featuredmedia":[{"embeddable":true,"href":"https:\/\/www.radioamigavallenar.cl\/index.php?rest_route=\/wp\/v2\/media\/20136"}],"wp:attachment":[{"href":"https:\/\/www.radioamigavallenar.cl\/index.php?rest_route=%2Fwp%2Fv2%2Fmedia&parent=20135"}],"wp:term":[{"taxonomy":"category","embeddable":true,"href":"https:\/\/www.radioamigavallenar.cl\/index.php?rest_route=%2Fwp%2Fv2%2Fcategories&post=20135"},{"taxonomy":"post_tag","embeddable":true,"href":"https:\/\/www.radioamigavallenar.cl\/index.php?rest_route=%2Fwp%2Fv2%2Ftags&post=20135"}],"curies":[{"name":"wp","href":"https:\/\/api.w.org\/{rel}","templated":true}]}}