{"id":20120,"date":"2020-01-18T09:34:28","date_gmt":"2020-01-18T12:34:28","guid":{"rendered":"https:\/\/www.radioamigavallenar.cl\/?p=20120"},"modified":"2020-01-18T09:34:28","modified_gmt":"2020-01-18T12:34:28","slug":"aces-confirmo-que-coordina-nuevas-movilizaciones-contra-la-psu","status":"publish","type":"post","link":"https:\/\/www.radioamigavallenar.cl\/?p=20120","title":{"rendered":"ACES confirm\u00f3 que coordina nuevas movilizaciones contra la PSU"},"content":{"rendered":"\n<div class=\"wp-block-image\"><figure class=\"aligncenter size-large\"><img loading=\"lazy\" decoding=\"async\" width=\"1024\" height=\"576\" src=\"https:\/\/www.radioamigavallenar.cl\/wp-content\/uploads\/2020\/01\/foto_0000000120200117235909-1024x576.jpg\" alt=\"\" class=\"wp-image-20121\" srcset=\"https:\/\/www.radioamigavallenar.cl\/wp-content\/uploads\/2020\/01\/foto_0000000120200117235909-1024x576.jpg 1024w, https:\/\/www.radioamigavallenar.cl\/wp-content\/uploads\/2020\/01\/foto_0000000120200117235909-300x169.jpg 300w, https:\/\/www.radioamigavallenar.cl\/wp-content\/uploads\/2020\/01\/foto_0000000120200117235909-768x432.jpg 768w, https:\/\/www.radioamigavallenar.cl\/wp-content\/uploads\/2020\/01\/foto_0000000120200117235909.jpg 1130w\" sizes=\"auto, (max-width: 1024px) 100vw, 1024px\" \/><\/figure><\/div>\n\n\n\n<p>La Asamblea de Secundarios asegur\u00f3 que se manifestar\u00e1n nuevamente a menos de que se implemente un \u00abm\u00e9todo de emergencia\u00bb que sustituya a la prueba.<\/p>\n\n\n\n<p>La<strong>\u00a0<\/strong>Asamblea Coordinadora de Estudiantes Secundarios, que encabez\u00f3 los llamados al boicot contra la PSU de la semana pasada, confirm\u00f3 que est\u00e1n organizando nuevas manifestaciones contra la prueba en sus nuevas fechas, el 27 y 28 de enero.<\/p>\n\n\n\n<p>El vocero de la ACES,\u00a0V\u00edctor Chanfreau, asegur\u00f3 este viernes que est\u00e1n\u00a0\u00aben coordinaci\u00f3n con cientos de asambleas y organizaciones a nivel nacional para ver c\u00f3mo va a ser ese d\u00eda, en t\u00e9rminos de las movilizaciones que llevar\u00ab.<\/p>\n\n\n\n<p>No obstante, emplaz\u00f3 que las protestas van\u00a0\u00aba menos de que anuncien que suspenden la PSU para implementaci\u00f3n de un m\u00e9todo de emergencia\u00bb.<\/p>\n\n\n\n<p>Por su parte, desde la\u00a0Coordinadora Nacional de Estudiantes Secundarios\u00a0(Cones) afirmaron ayer que\u00a0no convocar\u00e1n a boicotear la rendici\u00f3n de la PSU, pero igualmente sostuvieron que ellos no determinan si \u00ablos estudiantes se van a movilizar\u00bb y, seg\u00fan estiman, \u00ablos territorios hablaron y creo que en esa nueva ronda van a volver a hablar\u00bb.<\/p>\n\n\n\n<p>En tanto, este viernes&nbsp;el Demre dio a conocer la n\u00f3mina de los inscritos que est\u00e1n habilitados&nbsp;para poder rendir las pruebas pendientes o repetirlas, en los casos que correspondan, para completar el proceso que, seg\u00fan anunci\u00f3 el Gobierno, contar\u00e1 con mayor seguridad y control por parte de Carabineros.<\/p>\n","protected":false},"excerpt":{"rendered":"<p>La Asamblea de Secundarios asegur\u00f3 que se manifestar\u00e1n nuevamente a menos de que se implemente un \u00abm\u00e9todo de emergencia\u00bb que sustituya a la prueba. La\u00a0Asamblea&hellip; <\/p>\n","protected":false},"author":2,"featured_media":20121,"comment_status":"open","ping_status":"closed","sticky":false,"template":"","format":"standard","meta":{"footnotes":""},"categories":[37],"tags":[],"class_list":["post-20120","post","type-post","status-publish","format-standard","has-post-thumbnail","hentry","category-nacional"],"_links":{"self":[{"href":"https:\/\/www.radioamigavallenar.cl\/index.php?rest_route=\/wp\/v2\/posts\/20120","targetHints":{"allow":["GET"]}}],"collection":[{"href":"https:\/\/www.radioamigavallenar.cl\/index.php?rest_route=\/wp\/v2\/posts"}],"about":[{"href":"https:\/\/www.radioamigavallenar.cl\/index.php?rest_route=\/wp\/v2\/types\/post"}],"author":[{"embeddable":true,"href":"https:\/\/www.radioamigavallenar.cl\/index.php?rest_route=\/wp\/v2\/users\/2"}],"replies":[{"embeddable":true,"href":"https:\/\/www.radioamigavallenar.cl\/index.php?rest_route=%2Fwp%2Fv2%2Fcomments&post=20120"}],"version-history":[{"count":0,"href":"https:\/\/www.radioamigavallenar.cl\/index.php?rest_route=\/wp\/v2\/posts\/20120\/revisions"}],"wp:featuredmedia":[{"embeddable":true,"href":"https:\/\/www.radioamigavallenar.cl\/index.php?rest_route=\/wp\/v2\/media\/20121"}],"wp:attachment":[{"href":"https:\/\/www.radioamigavallenar.cl\/index.php?rest_route=%2Fwp%2Fv2%2Fmedia&parent=20120"}],"wp:term":[{"taxonomy":"category","embeddable":true,"href":"https:\/\/www.radioamigavallenar.cl\/index.php?rest_route=%2Fwp%2Fv2%2Fcategories&post=20120"},{"taxonomy":"post_tag","embeddable":true,"href":"https:\/\/www.radioamigavallenar.cl\/index.php?rest_route=%2Fwp%2Fv2%2Ftags&post=20120"}],"curies":[{"name":"wp","href":"https:\/\/api.w.org\/{rel}","templated":true}]}}