{"id":20111,"date":"2020-01-18T09:28:51","date_gmt":"2020-01-18T12:28:51","guid":{"rendered":"https:\/\/www.radioamigavallenar.cl\/?p=20111"},"modified":"2020-01-18T09:28:52","modified_gmt":"2020-01-18T12:28:52","slug":"gobierno-presenta-proyecto-que-busca-que-pensiones-partan-del-equivalente-al-sueldo-minimo","status":"publish","type":"post","link":"https:\/\/www.radioamigavallenar.cl\/?p=20111","title":{"rendered":"Gobierno presenta proyecto que busca que pensiones partan del equivalente al sueldo m\u00ednimo"},"content":{"rendered":"\n<h4 class=\"wp-block-heading\">Los ingresos de los pensionados aumentar\u00e1n entre 20% y 32%. La medida beneficiar\u00e1 a casi 1 mill\u00f3n de pensionados en forma inmediata y a todos los chilenos en el largo plazo.<\/h4>\n\n\n\n<div class=\"wp-block-image\"><figure class=\"aligncenter size-large\"><img loading=\"lazy\" decoding=\"async\" width=\"661\" height=\"465\" src=\"https:\/\/www.radioamigavallenar.cl\/wp-content\/uploads\/2020\/01\/kk.png\" alt=\"\" class=\"wp-image-20112\" srcset=\"https:\/\/www.radioamigavallenar.cl\/wp-content\/uploads\/2020\/01\/kk.png 661w, https:\/\/www.radioamigavallenar.cl\/wp-content\/uploads\/2020\/01\/kk-300x211.png 300w\" sizes=\"auto, (max-width: 661px) 100vw, 661px\" \/><\/figure><\/div>\n\n\n\n<p>El Intendente Patricio Urquieta, junto al Seremi del Trabajo y previsi\u00f3n Social, Carlos Leal Varas y el Seremi de Desarrollo Social y Familia, Luis Morales Vergara explicaron este jueves a un grupo de adultos mayores de nuestra regi\u00f3n los beneficios de la reforma previsional, que mejorar\u00e1 especialmente a las mujeres, la clase media y los adultos mayores con dependencia severa.<\/p>\n\n\n\n<p>En la oportunidad el Intendente regional, Patricio Urquieta Garc\u00eda se\u00f1al\u00f3 \u201cEstamos muy contentos el d\u00eda de hoy, comunicando y compartiendo con adultos mayores lo que est\u00e1 haciendo el Gobierno del Presidente Pi\u00f1era al impulsar una reforma que tiene un solo objetivo, mejorar la jubilaci\u00f3n de los pensionados actuales y futuros, y con una misi\u00f3n mucho m\u00e1s grande, que es que estas pensiones permitan que todos los adultos mayores est\u00e9n por encima de la l\u00ednea de la pobreza y, adem\u00e1s, que todos aquellos que tengan 30 o m\u00e1s a\u00f1os de cotizaciones tambi\u00e9n tengan ingresos asegurados, m\u00e1s all\u00e1 del ingreso o sueldo m\u00ednimo\u201d<\/p>\n\n\n\n<p>Con la reforma, las cotizaciones aumentar\u00e1n, en forma gradual, del 10% actual a 16%. De esta manera, un 3% adicional y gradual, con cargo al empleador, ser\u00e1 para complementar el Ahorro Previsional de cada trabajador. En r\u00e9gimen, las pensiones aumentar\u00e1n 30%.<\/p>\n\n\n\n<p>El otro 3% adicional y gradual, con cargo al empleador, ir\u00e1 a un Fondo de Ahorro Colectivo y Solidario, que entregar\u00e1 un aporte adicional a los jubilados actuales y futuros, y beneficiar\u00e1 de manera especial a las mujeres, la clase media y los adultos mayores con dependencia severa.<\/p>\n\n\n\n<p>El Secretario Regional Ministerial del Trabajo y Previsi\u00f3n Social, Carlos Leal Varas indic\u00f3 \u201cel proyecto de reforma a las pensiones que ha presentado nuestros Presidente Pi\u00f1era trae un cambio estructural que mejorar\u00e1 las pensiones de todos los chilenos, pero en especial las de las mujeres, la clase media y los adultos mayores con dependencia severa.\u201d<\/p>\n\n\n\n<p>\u201cEste proyecto crea un sistema previsional basado en tres pilares: el Pilar Solidario que es financiado en su totalidad por el Estado, el Pilar Individual, financiado por empleadores y trabajadores y, por \u00faltimo, el Ahorro Colectivo y Solidario que ser\u00e1 financiado por empleadores y con un aporte inicial del Estado\u201d afirmo la autoridad.<\/p>\n\n\n\n<p>Con esta reforma los hombres actualmente pensionados que tengan al menos 12 a\u00f1os de cotizaciones recibir\u00e1n 2 UF extra mensuales ($ 56.600), es decir, un aumento promedio de 20%, lo que beneficiar\u00e1 a m\u00e1s de 500 mil pensionados.<\/p>\n\n\n\n<p>En el caso de las mujeres actualmente pensionadas que tengan al menos 8 a\u00f1os de cotizaciones, recibir\u00e1n 2,5 UF extra mensuales ($ 70.800), un aumento promedio de 32%, lo que beneficiar\u00e1 a m\u00e1s de 350 mil pensionadas.<\/p>\n\n\n\n<p>Los adultos mayores con dependencia severa recibir\u00e1n adem\u00e1s un incremento adicional de sus pensiones para enfrentar sus mayores gastos.<\/p>\n\n\n\n<p>Al respecto, Luis Morales Vergara, secretario regional ministerial de Desarrollo Social y Familia, sostuvo que \u201ceste Proyecto de Ley involucra un equilibrio. Un equilibrio de crecimiento en la igualdad en materia de mejoramiento de las pensiones, pero manteniendo la estabilizaci\u00f3n de los empleos. De esa manera, el Presidente Pi\u00f1era propone gradualidad en la implementaci\u00f3n de esta medida. Pero, el punto m\u00e1s importante, tiene relaci\u00f3n con que nuestros adultos mayores puedan recobrar la dignidad de pasar una etapa de su vida muy importante en mejores condiciones\u201d.<\/p>\n\n\n\n<p>En casos excepcionales, como enfermedades terminales, se recalcular\u00e1 la expectativa de vida y se permitir\u00e1 retirar en forma anticipada parte de los ahorros previsionales.<\/p>\n\n\n\n<p>Esta Reforma, sumada a la mejora del Pilar Solidario, garantizar\u00e1 que ning\u00fan pensionado quedar\u00e1 por debajo de la l\u00ednea de pobreza y que las pensiones de quienes hayan cotizado por 30 a\u00f1os o m\u00e1s, estar\u00e1n siempre por encima del monto actual del salario m\u00ednimo, en UF.<\/p>\n\n\n\n<p>La reforma al Pilar Solidario ya implementada, unida a esta nueva Reforma, benefician a m\u00e1s de 2 millones de pensionados, lo que representa el 85% de pensionados de nuestro pa\u00eds, que recibir\u00e1n incrementos superiores a $ 55 mil mensuales. Ambas reformas tienen un costo muy significativo, que exige un gran aporte y esfuerzo del Estado.<\/p>\n","protected":false},"excerpt":{"rendered":"<p>Los ingresos de los pensionados aumentar\u00e1n entre 20% y 32%. La medida beneficiar\u00e1 a casi 1 mill\u00f3n de pensionados en forma inmediata y a todos&hellip; <\/p>\n","protected":false},"author":2,"featured_media":20112,"comment_status":"open","ping_status":"closed","sticky":false,"template":"","format":"standard","meta":{"footnotes":""},"categories":[7,37],"tags":[],"class_list":["post-20111","post","type-post","status-publish","format-standard","has-post-thumbnail","hentry","category-atacama","category-nacional"],"_links":{"self":[{"href":"https:\/\/www.radioamigavallenar.cl\/index.php?rest_route=\/wp\/v2\/posts\/20111","targetHints":{"allow":["GET"]}}],"collection":[{"href":"https:\/\/www.radioamigavallenar.cl\/index.php?rest_route=\/wp\/v2\/posts"}],"about":[{"href":"https:\/\/www.radioamigavallenar.cl\/index.php?rest_route=\/wp\/v2\/types\/post"}],"author":[{"embeddable":true,"href":"https:\/\/www.radioamigavallenar.cl\/index.php?rest_route=\/wp\/v2\/users\/2"}],"replies":[{"embeddable":true,"href":"https:\/\/www.radioamigavallenar.cl\/index.php?rest_route=%2Fwp%2Fv2%2Fcomments&post=20111"}],"version-history":[{"count":0,"href":"https:\/\/www.radioamigavallenar.cl\/index.php?rest_route=\/wp\/v2\/posts\/20111\/revisions"}],"wp:featuredmedia":[{"embeddable":true,"href":"https:\/\/www.radioamigavallenar.cl\/index.php?rest_route=\/wp\/v2\/media\/20112"}],"wp:attachment":[{"href":"https:\/\/www.radioamigavallenar.cl\/index.php?rest_route=%2Fwp%2Fv2%2Fmedia&parent=20111"}],"wp:term":[{"taxonomy":"category","embeddable":true,"href":"https:\/\/www.radioamigavallenar.cl\/index.php?rest_route=%2Fwp%2Fv2%2Fcategories&post=20111"},{"taxonomy":"post_tag","embeddable":true,"href":"https:\/\/www.radioamigavallenar.cl\/index.php?rest_route=%2Fwp%2Fv2%2Ftags&post=20111"}],"curies":[{"name":"wp","href":"https:\/\/api.w.org\/{rel}","templated":true}]}}