{"id":20084,"date":"2020-01-17T00:00:00","date_gmt":"2020-01-17T03:00:00","guid":{"rendered":"https:\/\/www.radioamigavallenar.cl\/?p=20084"},"modified":"2020-01-16T21:28:07","modified_gmt":"2020-01-17T00:28:07","slug":"vicerrectoria-de-investigacion-de-la-uda-llama-a-postular-a-concursos-de-fondecyt","status":"publish","type":"post","link":"https:\/\/www.radioamigavallenar.cl\/?p=20084","title":{"rendered":"Vicerrector\u00eda de Investigaci\u00f3n de la UDA llama a postular a Concursos de Fondecyt"},"content":{"rendered":"\n<div class=\"wp-block-image\"><figure class=\"aligncenter size-large is-resized\"><img loading=\"lazy\" decoding=\"async\" src=\"https:\/\/www.radioamigavallenar.cl\/wp-content\/uploads\/2020\/01\/uda-800x600-1.jpg\" alt=\"\" class=\"wp-image-20085\" width=\"543\" height=\"407\" srcset=\"https:\/\/www.radioamigavallenar.cl\/wp-content\/uploads\/2020\/01\/uda-800x600-1.jpg 800w, https:\/\/www.radioamigavallenar.cl\/wp-content\/uploads\/2020\/01\/uda-800x600-1-300x225.jpg 300w, https:\/\/www.radioamigavallenar.cl\/wp-content\/uploads\/2020\/01\/uda-800x600-1-768x576.jpg 768w\" sizes=\"auto, (max-width: 543px) 100vw, 543px\" \/><\/figure><\/div>\n\n\n\n<p>La Agencia Nacional de Investigaci\u00f3n (Anid), instituci\u00f3n que actualmente es la encargada del Desarrollo y Promoci\u00f3n de las Ciencias en el pa\u00eds, en reemplazo de la Comisi\u00f3n Nacional de Investigaci\u00f3n Cient\u00edfica y Tecnol\u00f3gica (Conicyt), dio a conocer las&nbsp;fechas de apertura de los concursos de&nbsp;Fondecyt&nbsp;Iniciaci\u00f3n en Investigaci\u00f3n 2020, Regular 2021 y Postdoctorado 2021, por lo que, la Vicerrector\u00eda de Investigaci\u00f3n de la Universidad de Atacama, invita a todos sus investigadores a postular en este relevante proceso.<\/p>\n\n\n\n<p>El Vicerrector de Investigaci\u00f3n de la UDA,&nbsp; Hugo Salinas, dijo que \u201ccomo todos los a\u00f1os, hacemos un llamado a todas las unidades para que aquellos doctores que cumplan algunos requisitos m\u00ednimos, principalmente de producci\u00f3n cient\u00edfica, leer las bases y postulen, de acuerdo a cada l\u00ednea de investigaci\u00f3n que desarrolla nuestra Universidad y en particular atendiendo a postular a estos fondos que les permita tener recursos, para desarrollar de alguna manera, sus problem\u00e1ticas o sus temas de inter\u00e9s y de investigaci\u00f3n\u201d.<\/p>\n\n\n\n<p>\u201cPara nosotros es muy importante, recordar que nuestra Universidad de Atacama est\u00e1 acreditada en Investigaci\u00f3n, junto con el \u00c1rea de Vinculaci\u00f3n, que son \u00e1reas optativas, y en ese sentido, la CNA, de alguna manera eleva los est\u00e1ndares de una Universidad que est\u00e1 acreditada\u201d, destac\u00f3 el Vicerrector de Investigaci\u00f3n.<\/p>\n\n\n\n<h3 class=\"has-text-align-center wp-block-heading\">Relevancia<\/h3>\n\n\n\n<p>Por su parte, el Director de Investigaci\u00f3n de la UDA, Dr. C\u00e9sar Echeverr\u00eda, se\u00f1al\u00f3 al respecto que \u201clos proyectos Fondecyt son un instrumento que tiene m\u00e1s de 30 a\u00f1os de funcionamiento, son los m\u00e1s importantes de investigaci\u00f3n b\u00e1sica en Chile y estos proyectos permiten el desarrollo de los investigadores (\u2026) Es importante porque ingresan recursos, pero en mi opini\u00f3n, lo m\u00e1s importante es que ingresa prestigio, porque estos proyectos est\u00e1n evaluados por pares, tanto nacionales como internacionales\u201d.<\/p>\n\n\n\n<p>Adem\u00e1s, Echeverr\u00eda recalc\u00f3 que \u201cFondecyt est\u00e1 dividido en grupos de estudio, que va desde las Ciencia Sociales hasta las Ciencias Naturales y Exactas; hay alrededor de 14 grupos de estudios y cada uno de ellos tienen pares evaluadores. Estos pares evaluadores dicen qu\u00e9 tan buena es su investigaci\u00f3n, entonces le entrega prestigio a la Universidad, al investigador\u201d.<\/p>\n\n\n\n<h3 class=\"has-text-align-center wp-block-heading\">Fechas de postulaci\u00f3n<\/h3>\n\n\n\n<p>El Fondo Nacional de Desarrollo Cient\u00edfico y Tecnol\u00f3gico cuyo objetivo es estimular y promover el desarrollo de investigaci\u00f3n cient\u00edfica y tecnol\u00f3gica b\u00e1sica, ya public\u00f3 las fechas de postulaci\u00f3n, como se mencion\u00f3 anteriormente,&nbsp;lo que favorece a los investigadores para programar y preparar sus proyectos.<\/p>\n\n\n\n<p>Para la convocatoria&nbsp;Fondecyt de Iniciaci\u00f3n 2020, la fecha de&nbsp;apertura&nbsp;ha sido programada para&nbsp;enero de 2020 y elplazode postulaci\u00f3n se extender\u00e1 hasta el pr\u00f3ximo mes de abril. Por su parte, el Concurso&nbsp;Fondecyt Regular 2021<strong>,<\/strong>&nbsp;iniciar\u00e1 su&nbsp;proceso de apertura en&nbsp;abril de 2020<strong>,<\/strong>&nbsp;proyectando el cierre de postulaciones para mayo. Finalmente Fondecyt Postdoctorado 2021<strong>,&nbsp;<\/strong>comenzar\u00e1 la convocatoria en&nbsp;julio de 2020 hasta agosto del presente a\u00f1o.<\/p>\n\n\n\n<h3 class=\"has-text-align-center wp-block-heading\">Apoyo institucional<\/h3>\n\n\n\n<p>La Universidad de Atacama desde 2014 no hab\u00eda adjudicado un Proyecto Fondecyt Regular, a diferencia del escenario que se gener\u00f3 en el a\u00f1o 2019, cuando se adjudicaron tres Proyectos dentro de esta categor\u00eda, espec\u00edficamente en el \u00c1rea de Astronom\u00eda, de Metalurgia y de Humanidades.&nbsp;El Vicerrector de Investigaci\u00f3n UDA, Hugo Salinas, manifest\u00f3 que los Proyectos Fondecyt \u201cson los proyectos emblem\u00e1ticos a nivel nacional, en el sentido de la importancia que tiene y el nivel que tiene de investigaci\u00f3n. Una instituci\u00f3n que no gana Proyecto Fondecyt Regulares es una Instituci\u00f3n que no est\u00e1 reconocida en el est\u00e1ndar que hoy d\u00eda exige la investigaci\u00f3n en Chile\u201d.<\/p>\n\n\n\n<p>\u201cPara la pr\u00f3xima convocatoria, nosotros ya nos estamos preparando, estamos a punto de mandar un comunicado a todas las Facultades, Institutos y Centros para que nos den la n\u00f3mina de los potenciales acad\u00e9micos que van a postular a estos fondos, tanto Iniciaci\u00f3n, Regular y Proyectos de Postdoctorados, para regular y tener cuidado de seleccionar los potenciales, entonces ya tenemos algunos recursos, para mejorar los proyectos que hayan sido revisados por los pares y que cuenten con su carta de evaluaci\u00f3n\u201d.<\/p>\n\n\n\n<p>\u201cEstamos optimistas, porque en la historia de la Universidad de Atacama, estamos viendo un incremento en las postulaciones, pero tambi\u00e9n estamos viendo un incremento en las adjudicaciones, eso nos tiene tranquilos de cara al pr\u00f3ximo Proceso de Acreditaci\u00f3n, que es lo que m\u00e1s nos est\u00e1 preocupando en estos d\u00edas\u201d, concluy\u00f3 el Vicerrector de Investigaci\u00f3n.<\/p>\n","protected":false},"excerpt":{"rendered":"<p>La Agencia Nacional de Investigaci\u00f3n (Anid), instituci\u00f3n que actualmente es la encargada del Desarrollo y Promoci\u00f3n de las Ciencias en el pa\u00eds, en reemplazo de&hellip; <\/p>\n","protected":false},"author":2,"featured_media":20085,"comment_status":"open","ping_status":"closed","sticky":false,"template":"","format":"standard","meta":{"footnotes":""},"categories":[7],"tags":[],"class_list":["post-20084","post","type-post","status-publish","format-standard","has-post-thumbnail","hentry","category-atacama"],"_links":{"self":[{"href":"https:\/\/www.radioamigavallenar.cl\/index.php?rest_route=\/wp\/v2\/posts\/20084","targetHints":{"allow":["GET"]}}],"collection":[{"href":"https:\/\/www.radioamigavallenar.cl\/index.php?rest_route=\/wp\/v2\/posts"}],"about":[{"href":"https:\/\/www.radioamigavallenar.cl\/index.php?rest_route=\/wp\/v2\/types\/post"}],"author":[{"embeddable":true,"href":"https:\/\/www.radioamigavallenar.cl\/index.php?rest_route=\/wp\/v2\/users\/2"}],"replies":[{"embeddable":true,"href":"https:\/\/www.radioamigavallenar.cl\/index.php?rest_route=%2Fwp%2Fv2%2Fcomments&post=20084"}],"version-history":[{"count":0,"href":"https:\/\/www.radioamigavallenar.cl\/index.php?rest_route=\/wp\/v2\/posts\/20084\/revisions"}],"wp:featuredmedia":[{"embeddable":true,"href":"https:\/\/www.radioamigavallenar.cl\/index.php?rest_route=\/wp\/v2\/media\/20085"}],"wp:attachment":[{"href":"https:\/\/www.radioamigavallenar.cl\/index.php?rest_route=%2Fwp%2Fv2%2Fmedia&parent=20084"}],"wp:term":[{"taxonomy":"category","embeddable":true,"href":"https:\/\/www.radioamigavallenar.cl\/index.php?rest_route=%2Fwp%2Fv2%2Fcategories&post=20084"},{"taxonomy":"post_tag","embeddable":true,"href":"https:\/\/www.radioamigavallenar.cl\/index.php?rest_route=%2Fwp%2Fv2%2Ftags&post=20084"}],"curies":[{"name":"wp","href":"https:\/\/api.w.org\/{rel}","templated":true}]}}