{"id":20074,"date":"2020-01-17T00:00:00","date_gmt":"2020-01-17T03:00:00","guid":{"rendered":"https:\/\/www.radioamigavallenar.cl\/?p=20074"},"modified":"2020-01-16T21:22:43","modified_gmt":"2020-01-17T00:22:43","slug":"diputada-rn-sofia-cid-nunca-un-proyecto-de-pensiones-se-habia-enfocado-en-las-mujeres","status":"publish","type":"post","link":"https:\/\/www.radioamigavallenar.cl\/?p=20074","title":{"rendered":"Diputada RN Sof\u00eda Cid: \u201cNunca un proyecto de pensiones se hab\u00eda enfocado en las mujeres\u201d"},"content":{"rendered":"\n<div class=\"wp-block-image\"><figure class=\"aligncenter size-large\"><img loading=\"lazy\" decoding=\"async\" width=\"1024\" height=\"682\" src=\"https:\/\/www.radioamigavallenar.cl\/wp-content\/uploads\/2020\/01\/sofia-cid-reforma-pensiones-1024x682.jpg\" alt=\"\" class=\"wp-image-20075\" srcset=\"https:\/\/www.radioamigavallenar.cl\/wp-content\/uploads\/2020\/01\/sofia-cid-reforma-pensiones-1024x682.jpg 1024w, https:\/\/www.radioamigavallenar.cl\/wp-content\/uploads\/2020\/01\/sofia-cid-reforma-pensiones-300x200.jpg 300w, https:\/\/www.radioamigavallenar.cl\/wp-content\/uploads\/2020\/01\/sofia-cid-reforma-pensiones-768x512.jpg 768w, https:\/\/www.radioamigavallenar.cl\/wp-content\/uploads\/2020\/01\/sofia-cid-reforma-pensiones.jpg 1280w\" sizes=\"auto, (max-width: 1024px) 100vw, 1024px\" \/><\/figure><\/div>\n\n\n\n<p>Como \u201cpotente\u201d calific\u00f3 la diputada de RN Sof\u00eda Cid, el proyecto de Ley de Pensiones que anunci\u00f3 la noche del mi\u00e9rcoles el Presidente Sebasti\u00e1n Pi\u00f1era. La parlamentaria por Atacama a\u00f1adi\u00f3 que la iniciativa \u201cviene a ayudar mucho a las mujeres, quienes por lo general tenemos pensiones con lagunas en nuestras cotizaciones cuando nacen nuestros hijos. Dejamos de trabajar para darles una buena crianza, muchas nos quedamos en la casa. Eso es s\u00faper potente\u201d.<\/p>\n\n\n\n<p>Seg\u00fan la legisladora, \u201cnunca un proyecto de pensiones se hab\u00eda enfocado en las mujeres, en poder beneficiarlas a ellas\u201d. Asimismo explic\u00f3 que el proyecto, \u201crecoge muchas solicitudes de la ciudadan\u00eda. Sabemos que este tema es lo m\u00e1s importante y el gobierno, que ha estado en conversaciones con la oposici\u00f3n, ha tomado todas las inquietudes\u201d que los chilenos han manifestado desde el 18 de octubre.<\/p>\n\n\n\n<p>Adem\u00e1s explic\u00f3 que nuestras cotizaciones aumentar\u00e1n a 16%. Al 10% que cotizamos todos los meses, \u201cse incorpora un 6% -que ir\u00e1 con cargo al empleador- donde un 3% va a un ahorro colectivo que permite aumentar las pensiones de la clase media. Esto es un gran anuncio\u201d. El otro 3% va directamente a las cuentas de capitalizaci\u00f3n de cada persona.<\/p>\n\n\n\n<p>Existen otros aspecto que destac\u00f3 la Diputada Cid, se\u00f1alando que \u201ccon estas medidas se disminuyen las brechas en las pensiones entre hombres y mujeres, pero adem\u00e1s ning\u00fan pensionado quedar\u00e1 bajo la l\u00ednea de la pobreza, sumado a que las personas que tengan enfermedades terminales podr\u00e1n retirar parte de sus fondos\u201d.<\/p>\n\n\n\n<p>La diputada Sof\u00eda Cid puso en relevancia la incorporaci\u00f3n de cooperativas de afiliados al sistema de pensiones, una iniciativa en conjunto con parlamentarios de la DC y de Ev\u00f3poli. \u201cEsto significa que las personas van a poder constituir una cooperativa. Van a poder tener el reparto de las utilidades, va a ser sin fines de lucro. Eso viene a potenciar el proyecto de pensiones que present\u00f3 el Gobierno, en el cual se incorpora competencia a las AFP, que les permite tener m\u00e1s actores en beneficio de las personas\u201d.<\/p>\n\n\n\n<p>&nbsp;\u201cQue yo pueda elegir estar en una AFP, en una cooperativa o en una&nbsp; Caja de Compensaci\u00f3n que administre mis fondos de pensiones, va a&nbsp; permitir tambi\u00e9n que gracias a este abanico, bajen tambi\u00e9n las comisiones que podamos tener en cada uno de ellos\u201d, a\u00f1adi\u00f3.<\/p>\n\n\n\n<p>Sof\u00eda Cid, que en la noche del mi\u00e9rcoles particip\u00f3 de una reuni\u00f3n donde el Presidente Pi\u00f1era inform\u00f3 sobre la reforma previsional, afirm\u00f3 que ahora es muy necesario que se d\u00e9 la discusi\u00f3n en la C\u00e1mara.<\/p>\n\n\n\n<p>\u201cHago un llamado a la oposici\u00f3n a avanzar por Chile, y dar un apoyo concreto a nuestros jubilados. El Ejecutivo est\u00e1 muy llano en avanzar en este proyecto y lo m\u00e1s importante es que tambi\u00e9n nosotros logremos acuerdos con la oposici\u00f3n, que sea generosa y logremos sacarlo de la Corporaci\u00f3n en enero, para que a contar del 1 de abril tengamos este aumento en las pensiones de todos los chilenos\u201d, concluy\u00f3 Sof\u00eda Cid.<\/p>\n","protected":false},"excerpt":{"rendered":"<p>Como \u201cpotente\u201d calific\u00f3 la diputada de RN Sof\u00eda Cid, el proyecto de Ley de Pensiones que anunci\u00f3 la noche del mi\u00e9rcoles el Presidente Sebasti\u00e1n Pi\u00f1era.&hellip; <\/p>\n","protected":false},"author":2,"featured_media":20075,"comment_status":"open","ping_status":"closed","sticky":false,"template":"","format":"standard","meta":{"footnotes":""},"categories":[7,37],"tags":[],"class_list":["post-20074","post","type-post","status-publish","format-standard","has-post-thumbnail","hentry","category-atacama","category-nacional"],"_links":{"self":[{"href":"https:\/\/www.radioamigavallenar.cl\/index.php?rest_route=\/wp\/v2\/posts\/20074","targetHints":{"allow":["GET"]}}],"collection":[{"href":"https:\/\/www.radioamigavallenar.cl\/index.php?rest_route=\/wp\/v2\/posts"}],"about":[{"href":"https:\/\/www.radioamigavallenar.cl\/index.php?rest_route=\/wp\/v2\/types\/post"}],"author":[{"embeddable":true,"href":"https:\/\/www.radioamigavallenar.cl\/index.php?rest_route=\/wp\/v2\/users\/2"}],"replies":[{"embeddable":true,"href":"https:\/\/www.radioamigavallenar.cl\/index.php?rest_route=%2Fwp%2Fv2%2Fcomments&post=20074"}],"version-history":[{"count":0,"href":"https:\/\/www.radioamigavallenar.cl\/index.php?rest_route=\/wp\/v2\/posts\/20074\/revisions"}],"wp:featuredmedia":[{"embeddable":true,"href":"https:\/\/www.radioamigavallenar.cl\/index.php?rest_route=\/wp\/v2\/media\/20075"}],"wp:attachment":[{"href":"https:\/\/www.radioamigavallenar.cl\/index.php?rest_route=%2Fwp%2Fv2%2Fmedia&parent=20074"}],"wp:term":[{"taxonomy":"category","embeddable":true,"href":"https:\/\/www.radioamigavallenar.cl\/index.php?rest_route=%2Fwp%2Fv2%2Fcategories&post=20074"},{"taxonomy":"post_tag","embeddable":true,"href":"https:\/\/www.radioamigavallenar.cl\/index.php?rest_route=%2Fwp%2Fv2%2Ftags&post=20074"}],"curies":[{"name":"wp","href":"https:\/\/api.w.org\/{rel}","templated":true}]}}