{"id":20071,"date":"2020-01-17T00:01:00","date_gmt":"2020-01-17T03:01:00","guid":{"rendered":"https:\/\/www.radioamigavallenar.cl\/?p=20071"},"modified":"2020-01-16T21:21:29","modified_gmt":"2020-01-17T00:21:29","slug":"cores-se-reunen-en-terreno-con-vecinos-de-camarones-y-carrizalillo","status":"publish","type":"post","link":"https:\/\/www.radioamigavallenar.cl\/?p=20071","title":{"rendered":"CORES se re\u00fanen en terreno con vecinos de Camarones y Carrizalillo"},"content":{"rendered":"\n<div class=\"wp-block-image\"><figure class=\"aligncenter size-large\"><img loading=\"lazy\" decoding=\"async\" width=\"1024\" height=\"702\" src=\"https:\/\/www.radioamigavallenar.cl\/wp-content\/uploads\/2020\/01\/Foto1museo-1024x702-1.jpg\" alt=\"\" class=\"wp-image-20072\" srcset=\"https:\/\/www.radioamigavallenar.cl\/wp-content\/uploads\/2020\/01\/Foto1museo-1024x702-1.jpg 1024w, https:\/\/www.radioamigavallenar.cl\/wp-content\/uploads\/2020\/01\/Foto1museo-1024x702-1-300x206.jpg 300w, https:\/\/www.radioamigavallenar.cl\/wp-content\/uploads\/2020\/01\/Foto1museo-1024x702-1-768x527.jpg 768w\" sizes=\"auto, (max-width: 1024px) 100vw, 1024px\" \/><\/figure><\/div>\n\n\n\n<p>La Comisi\u00f3n Provincial de Huasco, presidida por la Consejera Fabiola P\u00e9rez, junto a las Comisiones Provinciales Unidas de Copiap\u00f3, Cha\u00f1aral y Huasco del CORE Atacama, visitaron el sector de Quebrada Camarones, comuna de Vallenar, para conocer la iniciativa de Alejandro D\u00edaz, un pirquinero de la zona quien busca potenciar un museo al aire libre donde se rescaten piezas y herramientas invaluables de la miner\u00eda artesanal de la zona.<\/p>\n\n\n\n<p>En la ocasi\u00f3n, la Consejera Fabiola P\u00e9rez, se\u00f1al\u00f3 que \u201chemos querido venir a conocer en terreno la iniciativa de crear un eco museo al aire libre donde se ponga en valor las riquezas de la miner\u00eda, una actividad fundamental en este sector. Creemos que este tipo de acciones pueden postularse a la Glosa del 6% del FNDR del Gobierno Regional, as\u00ed como otras similares para rescatar el patrimonio el que conllevar\u00e1 a beneficios tur\u00edsticos, econom\u00eda local y diversificaci\u00f3n del empleo\u201d.<\/p>\n\n\n\n<p>Mientras que, el minero e impulsor del eco museo, Alejandro D\u00edaz, coment\u00f3 que \u201cme emociona que los consejeros hayan venido hasta ac\u00e1 y puedan conocer de este sue\u00f1o que queremos concretar. Agradezco el inter\u00e9s y preocupaci\u00f3n de las autoridades\u201d.<\/p>\n\n\n\n<p>Posteriormente y para conocer de la producci\u00f3n de quesos de cabra, las autoridades se trasladaron hasta el lugar donde la criancera Paula Riquelme cuenta con m\u00e1s de 100 cabezas de ganado caprino y se encarga de la producci\u00f3n de quesos gourmet y tradicional.<\/p>\n\n\n\n<p>Tras la visita, el Consejero Roberto Alegr\u00eda, expres\u00f3 que \u201cnos parece un trabajo muy destacado el que realiza Paula, con insumos y tecnolog\u00eda adecuada para producir quesos de cabra de gran nivel gastron\u00f3mico. Potenciar este tipo de experiencias es fundamental para que las comunidades puedan seguir creciendo y sustentarse con sus propias elaboraciones\u201d.<\/p>\n\n\n\n<p class=\"has-text-align-center\"><strong>PROBLEM\u00c1TICA H\u00cdDRICA<\/strong><\/p>\n\n\n\n<p>En la localidad de Carrizalillo, comuna de Freirina, los CORES sostuvieron una reuni\u00f3n con representantes de juntas de vecinos de Domeyko, Cachiyuyo, Incahuasi, Carrizalillo y Caleta Cha\u00f1aral de Aceituno, de la Provincia de Huasco, para tratar la problem\u00e1tica h\u00eddrica que afecta a las zonas. En la oportunidad, los vecinos y vecinas expresaron su inquietud y cuestionamientos ante la falta de soluciones por la disminuci\u00f3n de agua potable y su mala calidad.<\/p>\n\n\n\n<p>Sobre esto, el Presidente del CORE Atacama, Javier Castillo, enfatiz\u00f3 que \u201cnos reunimos este jueves con el Intendente para darle sentido de urgencia a esta situaci\u00f3n, entendiendo que el Gobierno Regional tiene los instrumentos y, para ello, los vamos a operativizar para resolver en el corto plazo las inquietudes que las comunidades nos han planteado\u201d.<\/p>\n\n\n\n<p>En este aspecto, el Consejero Fernando Ghiglino, sostuvo que \u201cvaloramos el trabajo del Gobierno Regional y, por lo mismo, quisimos plantearle al Intendente la preocupaci\u00f3n de sus habitantes para poder generar los mecanismos que transformen en soluci\u00f3n el compromiso que hemos asumido con ellos\u201d, finaliz\u00f3 la autoridad.<\/p>\n","protected":false},"excerpt":{"rendered":"<p>La Comisi\u00f3n Provincial de Huasco, presidida por la Consejera Fabiola P\u00e9rez, junto a las Comisiones Provinciales Unidas de Copiap\u00f3, Cha\u00f1aral y Huasco del CORE Atacama,&hellip; <\/p>\n","protected":false},"author":2,"featured_media":20072,"comment_status":"open","ping_status":"closed","sticky":false,"template":"","format":"standard","meta":{"footnotes":""},"categories":[7,1],"tags":[],"class_list":["post-20071","post","type-post","status-publish","format-standard","has-post-thumbnail","hentry","category-atacama","category-provincia-del-huasco-2"],"_links":{"self":[{"href":"https:\/\/www.radioamigavallenar.cl\/index.php?rest_route=\/wp\/v2\/posts\/20071","targetHints":{"allow":["GET"]}}],"collection":[{"href":"https:\/\/www.radioamigavallenar.cl\/index.php?rest_route=\/wp\/v2\/posts"}],"about":[{"href":"https:\/\/www.radioamigavallenar.cl\/index.php?rest_route=\/wp\/v2\/types\/post"}],"author":[{"embeddable":true,"href":"https:\/\/www.radioamigavallenar.cl\/index.php?rest_route=\/wp\/v2\/users\/2"}],"replies":[{"embeddable":true,"href":"https:\/\/www.radioamigavallenar.cl\/index.php?rest_route=%2Fwp%2Fv2%2Fcomments&post=20071"}],"version-history":[{"count":0,"href":"https:\/\/www.radioamigavallenar.cl\/index.php?rest_route=\/wp\/v2\/posts\/20071\/revisions"}],"wp:featuredmedia":[{"embeddable":true,"href":"https:\/\/www.radioamigavallenar.cl\/index.php?rest_route=\/wp\/v2\/media\/20072"}],"wp:attachment":[{"href":"https:\/\/www.radioamigavallenar.cl\/index.php?rest_route=%2Fwp%2Fv2%2Fmedia&parent=20071"}],"wp:term":[{"taxonomy":"category","embeddable":true,"href":"https:\/\/www.radioamigavallenar.cl\/index.php?rest_route=%2Fwp%2Fv2%2Fcategories&post=20071"},{"taxonomy":"post_tag","embeddable":true,"href":"https:\/\/www.radioamigavallenar.cl\/index.php?rest_route=%2Fwp%2Fv2%2Ftags&post=20071"}],"curies":[{"name":"wp","href":"https:\/\/api.w.org\/{rel}","templated":true}]}}