{"id":20068,"date":"2020-01-17T00:00:00","date_gmt":"2020-01-17T03:00:00","guid":{"rendered":"https:\/\/www.radioamigavallenar.cl\/?p=20068"},"modified":"2020-01-16T21:18:31","modified_gmt":"2020-01-17T00:18:31","slug":"ahora-puedes-solicitar-tu-afiliacion-a-fonasa-en-chileatiende","status":"publish","type":"post","link":"https:\/\/www.radioamigavallenar.cl\/?p=20068","title":{"rendered":"Ahora puedes solicitar tu afiliaci\u00f3n a Fonasa en ChileAtiende"},"content":{"rendered":"\n<div class=\"wp-block-image\"><figure class=\"aligncenter size-large\"><img loading=\"lazy\" decoding=\"async\" width=\"1024\" height=\"768\" src=\"https:\/\/www.radioamigavallenar.cl\/wp-content\/uploads\/2020\/01\/IMG-20191213-WA0004.jpg\" alt=\"\" class=\"wp-image-20069\" srcset=\"https:\/\/www.radioamigavallenar.cl\/wp-content\/uploads\/2020\/01\/IMG-20191213-WA0004.jpg 1024w, https:\/\/www.radioamigavallenar.cl\/wp-content\/uploads\/2020\/01\/IMG-20191213-WA0004-300x225.jpg 300w, https:\/\/www.radioamigavallenar.cl\/wp-content\/uploads\/2020\/01\/IMG-20191213-WA0004-768x576.jpg 768w\" sizes=\"auto, (max-width: 1024px) 100vw, 1024px\" \/><\/figure><\/div>\n\n\n\n<p>Un nuevo servicio se suma al convenio vigente entre el Fondo Nacional de Salud y la red multiservicios de IPS: ChileAtiende. Se trata de la afiliaci\u00f3n de cotizantes, servicio que desde fines de diciembre pasado se puede realizar en cualquier Centro de Atenci\u00f3n Previsional de la regi\u00f3n y el pa\u00eds.<\/p>\n\n\n\n<p>Previo a este nuevo producto ChileAtiende ya ofrec\u00eda otros tr\u00e1mites de Fonasa, como la Venta de Bonos, Programas M\u00e9dicos, el Copago GES, la afiliaci\u00f3n de cargas y la entrega de certificados de afiliaci\u00f3n y cotizaci\u00f3n.<\/p>\n\n\n\n<p>Respecto a la ampliaci\u00f3n del convenio entre ambas entidades, Carlos Rojas Gonz\u00e1lez, encargado de Fonasa para las provincias de Copiap\u00f3 y Cha\u00f1aral, se\u00f1al\u00f3 que representa una gran oportunidad para fortalecer la cobertura de la instituci\u00f3n, \u201cEs muy bueno seguir sumando servicios al convenio, porque IPS tiene puntos donde Fonasa no est\u00e1 y pueden ofrecer el tr\u00e1mite a las personas que se encuentran en lugares m\u00e1s apartados\u201d.<\/p>\n\n\n\n<p>Por su parte el asesor jur\u00eddico de IPS Atacama, Roberto D\u00edaz Lastarria, destac\u00f3 que \u201cA trav\u00e9s de ChileAtiende nuestro prop\u00f3sito es mejor la accesibilidad de la ciudadan\u00eda a los diferentes servicios del Estado, en este caso de Fonasa, entidad de alta necesidad y demanda. Por eso es importante lo que podremos aportar especialmente en las comunas de Huasco, Freirina, Alto del Carmen, Caldera, Tierra Amarilla, Diego de Almagro y Cha\u00f1aral\u201d.<\/p>\n\n\n\n<p>Cabe destacar que estos tr\u00e1mites de Fonasa y los otros que forman parte de la oferta de ChileAtiende pueden ser solicitados tanto en los cuatro Centros de Atenci\u00f3n que IPS tiene con apertura de lunes a viernes (Copiap\u00f3, Vallenar, Cha\u00f1aral y Caldera), como en los Centros de Atenci\u00f3n Auxiliar que tienen su d\u00eda y horario de apertura en la semana, informaci\u00f3n disponible en&nbsp;<a href=\"http:\/\/www.ips.gob.cl\/\" target=\"_blank\" rel=\"noreferrer noopener\">www.ips.gob.cl<\/a>&nbsp;y contantemente compartida en las redes sociales de IPSAtacama.<\/p>\n","protected":false},"excerpt":{"rendered":"<p>Un nuevo servicio se suma al convenio vigente entre el Fondo Nacional de Salud y la red multiservicios de IPS: ChileAtiende. Se trata de la&hellip; <\/p>\n","protected":false},"author":2,"featured_media":20069,"comment_status":"open","ping_status":"closed","sticky":false,"template":"","format":"standard","meta":{"footnotes":""},"categories":[7,37],"tags":[],"class_list":["post-20068","post","type-post","status-publish","format-standard","has-post-thumbnail","hentry","category-atacama","category-nacional"],"_links":{"self":[{"href":"https:\/\/www.radioamigavallenar.cl\/index.php?rest_route=\/wp\/v2\/posts\/20068","targetHints":{"allow":["GET"]}}],"collection":[{"href":"https:\/\/www.radioamigavallenar.cl\/index.php?rest_route=\/wp\/v2\/posts"}],"about":[{"href":"https:\/\/www.radioamigavallenar.cl\/index.php?rest_route=\/wp\/v2\/types\/post"}],"author":[{"embeddable":true,"href":"https:\/\/www.radioamigavallenar.cl\/index.php?rest_route=\/wp\/v2\/users\/2"}],"replies":[{"embeddable":true,"href":"https:\/\/www.radioamigavallenar.cl\/index.php?rest_route=%2Fwp%2Fv2%2Fcomments&post=20068"}],"version-history":[{"count":0,"href":"https:\/\/www.radioamigavallenar.cl\/index.php?rest_route=\/wp\/v2\/posts\/20068\/revisions"}],"wp:featuredmedia":[{"embeddable":true,"href":"https:\/\/www.radioamigavallenar.cl\/index.php?rest_route=\/wp\/v2\/media\/20069"}],"wp:attachment":[{"href":"https:\/\/www.radioamigavallenar.cl\/index.php?rest_route=%2Fwp%2Fv2%2Fmedia&parent=20068"}],"wp:term":[{"taxonomy":"category","embeddable":true,"href":"https:\/\/www.radioamigavallenar.cl\/index.php?rest_route=%2Fwp%2Fv2%2Fcategories&post=20068"},{"taxonomy":"post_tag","embeddable":true,"href":"https:\/\/www.radioamigavallenar.cl\/index.php?rest_route=%2Fwp%2Fv2%2Ftags&post=20068"}],"curies":[{"name":"wp","href":"https:\/\/api.w.org\/{rel}","templated":true}]}}