{"id":20045,"date":"2020-01-16T11:29:46","date_gmt":"2020-01-16T14:29:46","guid":{"rendered":"https:\/\/www.radioamigavallenar.cl\/?p=20045"},"modified":"2020-01-16T11:29:47","modified_gmt":"2020-01-16T14:29:47","slug":"cap-ingresa-eia-para-continuidad-operacional-a-planta-pellets-de-huasco","status":"publish","type":"post","link":"https:\/\/www.radioamigavallenar.cl\/?p=20045","title":{"rendered":"CAP ingresa EIA para continuidad operacional a Planta Pellets de Huasco"},"content":{"rendered":"\n<div class=\"wp-block-image\"><figure class=\"aligncenter size-large\"><img loading=\"lazy\" decoding=\"async\" width=\"1024\" height=\"525\" src=\"https:\/\/www.radioamigavallenar.cl\/wp-content\/uploads\/2020\/01\/Camiones-Relave-1-1536x788-1-1024x525.jpg\" alt=\"\" class=\"wp-image-20046\" srcset=\"https:\/\/www.radioamigavallenar.cl\/wp-content\/uploads\/2020\/01\/Camiones-Relave-1-1536x788-1-1024x525.jpg 1024w, https:\/\/www.radioamigavallenar.cl\/wp-content\/uploads\/2020\/01\/Camiones-Relave-1-1536x788-1-300x154.jpg 300w, https:\/\/www.radioamigavallenar.cl\/wp-content\/uploads\/2020\/01\/Camiones-Relave-1-1536x788-1-768x394.jpg 768w, https:\/\/www.radioamigavallenar.cl\/wp-content\/uploads\/2020\/01\/Camiones-Relave-1-1536x788-1.jpg 1536w\" sizes=\"auto, (max-width: 1024px) 100vw, 1024px\" \/><\/figure><\/div>\n\n\n\n<h4 class=\"wp-block-heading\">Se trata del proyecto para construir y operar un dep\u00f3sito de relaves filtrados, que en su fase de construcci\u00f3n requerir\u00e1 450 trabajadores.<\/h4>\n\n\n\n<p>En el marco del cumplimiento de los compromisos ambientales adquiridos por Compa\u00f1\u00eda Minera del Pac\u00edfico en un Programa de Cumplimiento con la SMA, la compa\u00f1\u00eda present\u00f3 el Estudio de Impacto Ambiental (EIA) del proyecto Dep\u00f3sito de Relaves Filtrados, que busca darle continuidad operacional a la Planta de Pellets de Huasco.<\/p>\n\n\n\n<p>El proyecto considera una inversi\u00f3n estimada de US$110 millones para construir un dep\u00f3sito de relaves de 70 hect\u00e1reas (en su m\u00e1ximo desarrollo), con una vida \u00fatil de ocho a\u00f1os. \u00c9ste se ubicar\u00e1 en terrenos de la compa\u00f1\u00eda, 1,5 kil\u00f3metros al sur de Planta de Pellets de la comuna de Huasco, Provincia de Huasco, Regi\u00f3n de Atacama.<\/p>\n\n\n\n<p>El dep\u00f3sito contendr\u00e1 relave filtrado, compuesto por un material s\u00f3lido, fino y con una baja concentraci\u00f3n de agua de 20% o menos, propiedad que otorga estabilidad e impide la presencia de filtraciones.<\/p>\n\n\n\n<p>A su vez, el dep\u00f3sito est\u00e1 dise\u00f1ado para generar el menor impacto visual posible, gracias a su construcci\u00f3n en cinco terrazas de diez metros de altura cada una, que se integrar\u00edan a la forma natural de la ladera costera. A ello se sumar\u00eda la implementaci\u00f3n de otras tecnolog\u00edas para minimizar las emisiones de material particulado, como el uso de supresores de polvo y la cobertura con material granular y arena. El dep\u00f3sito ser\u00e1 progresivamente cerrado y cubierto con vegetaci\u00f3n local para asimilarlo completamente al paisaje.<\/p>\n\n\n\n<p>Este proyecto busca dar continuidad operacional a la Planta Pellets, luego que Compa\u00f1\u00eda Minera del Pac\u00edfico se comprometiera ante la autoridad ambiental a dejar de utilizar su actual sistema de disposici\u00f3n de relaves en septiembre de 2023, compromiso que qued\u00f3 plasmado en Programa de Cumplimiento Ambiental \u2013 Valle de Huasco.<\/p>\n\n\n\n<p class=\"has-text-align-center\"><strong>Sobre Compa\u00f1\u00eda Minera del Pac\u00edfico<\/strong><\/p>\n\n\n\n<p>Compa\u00f1\u00eda Minera del Pac\u00edfico es parte de un grupo que durante m\u00e1s de 60 a\u00f1os ha aportado al desarrollo de Chile a trav\u00e9s de la producci\u00f3n de hierro, convirti\u00e9ndose en el principal productor de hierro y pellets en la costa americana del Pac\u00edfico.<\/p>\n\n\n\n<p>En promedio, en los \u00faltimos 5 a\u00f1os, la producci\u00f3n de la compa\u00f1\u00eda alcanza las 15 millones de toneladas m\u00e9tricas, lo que representa el 99% de las exportaciones de hierro de Chile.<\/p>\n\n\n\n<p>Actualmente la compa\u00f1\u00eda cuenta con aproximadamente 2.000 trabajadores propios, de los cuales el 98% reside en las dos regiones donde opera (Atacama y Coquimbo). Asimismo, la compa\u00f1\u00eda genera negocios para m\u00e1s de 2.300 empresas proveedoras por US$ 830 millones al a\u00f1o.<\/p>\n","protected":false},"excerpt":{"rendered":"<p>Se trata del proyecto para construir y operar un dep\u00f3sito de relaves filtrados, que en su fase de construcci\u00f3n requerir\u00e1 450 trabajadores. En el marco&hellip; <\/p>\n","protected":false},"author":2,"featured_media":20046,"comment_status":"open","ping_status":"closed","sticky":false,"template":"","format":"standard","meta":{"footnotes":""},"categories":[7,4,34,1],"tags":[],"class_list":["post-20045","post","type-post","status-publish","format-standard","has-post-thumbnail","hentry","category-atacama","category-huasco","category-mineria","category-provincia-del-huasco-2"],"_links":{"self":[{"href":"https:\/\/www.radioamigavallenar.cl\/index.php?rest_route=\/wp\/v2\/posts\/20045","targetHints":{"allow":["GET"]}}],"collection":[{"href":"https:\/\/www.radioamigavallenar.cl\/index.php?rest_route=\/wp\/v2\/posts"}],"about":[{"href":"https:\/\/www.radioamigavallenar.cl\/index.php?rest_route=\/wp\/v2\/types\/post"}],"author":[{"embeddable":true,"href":"https:\/\/www.radioamigavallenar.cl\/index.php?rest_route=\/wp\/v2\/users\/2"}],"replies":[{"embeddable":true,"href":"https:\/\/www.radioamigavallenar.cl\/index.php?rest_route=%2Fwp%2Fv2%2Fcomments&post=20045"}],"version-history":[{"count":0,"href":"https:\/\/www.radioamigavallenar.cl\/index.php?rest_route=\/wp\/v2\/posts\/20045\/revisions"}],"wp:featuredmedia":[{"embeddable":true,"href":"https:\/\/www.radioamigavallenar.cl\/index.php?rest_route=\/wp\/v2\/media\/20046"}],"wp:attachment":[{"href":"https:\/\/www.radioamigavallenar.cl\/index.php?rest_route=%2Fwp%2Fv2%2Fmedia&parent=20045"}],"wp:term":[{"taxonomy":"category","embeddable":true,"href":"https:\/\/www.radioamigavallenar.cl\/index.php?rest_route=%2Fwp%2Fv2%2Fcategories&post=20045"},{"taxonomy":"post_tag","embeddable":true,"href":"https:\/\/www.radioamigavallenar.cl\/index.php?rest_route=%2Fwp%2Fv2%2Ftags&post=20045"}],"curies":[{"name":"wp","href":"https:\/\/api.w.org\/{rel}","templated":true}]}}