{"id":20005,"date":"2020-01-16T00:00:00","date_gmt":"2020-01-16T03:00:00","guid":{"rendered":"https:\/\/www.radioamigavallenar.cl\/?p=20005"},"modified":"2020-01-15T22:41:46","modified_gmt":"2020-01-16T01:41:46","slug":"adulto-mayor-muere-electrocutado-por-lavadora-en-caldera","status":"publish","type":"post","link":"https:\/\/www.radioamigavallenar.cl\/?p=20005","title":{"rendered":"Adulto mayor muere electrocutado por lavadora en Caldera"},"content":{"rendered":"\n<div class=\"wp-block-image\"><figure class=\"aligncenter size-large\"><img loading=\"lazy\" decoding=\"async\" width=\"700\" height=\"336\" src=\"https:\/\/www.radioamigavallenar.cl\/wp-content\/uploads\/2020\/01\/88eb7bfd-d0e5-40eb-99cf-7229252c34a8-e1529935658792.jpg\" alt=\"\" class=\"wp-image-20006\" srcset=\"https:\/\/www.radioamigavallenar.cl\/wp-content\/uploads\/2020\/01\/88eb7bfd-d0e5-40eb-99cf-7229252c34a8-e1529935658792.jpg 700w, https:\/\/www.radioamigavallenar.cl\/wp-content\/uploads\/2020\/01\/88eb7bfd-d0e5-40eb-99cf-7229252c34a8-e1529935658792-300x144.jpg 300w\" sizes=\"auto, (max-width: 700px) 100vw, 700px\" \/><\/figure><\/div>\n\n\n\n<p>Fatal accidente dom\u00e9stico se registr\u00f3 la tarde de ayer martes.<\/p>\n\n\n\n<p>Seg\u00fan se conoci\u00f3 un vecino quien resid\u00eda solo en una casa habitaci\u00f3n del puerto, en momentos que introdujo sus manos al interior de la lavadora, sufri\u00f3 una descarga el\u00e9ctrica lo que le provoc\u00f3 la muerte en el lugar, quedando Dec\u00fabito dorsal.<\/p>\n\n\n\n<p>Al sitio del suceso llegaron carabineros y personal param\u00e9dico quienes pese a los ejercicios de reanimaci\u00f3n nada se pudo hacer por salvarle la vida y solo constataron la muerte del vecino.<\/p>\n\n\n\n<p>El Servicio M\u00e9dico Legal no traslad\u00f3 el cuerpo a sus dependencias y el fiscal determin\u00f3&nbsp; &nbsp;su entrega&nbsp; a vecinos del sector&nbsp; que se dieron cita en el sitio del suceso.&nbsp; &nbsp;Mismos vecinos apoyaron en la labor ante la funeraria, esta siendo velado en la sede social del sector donde resid\u00eda.<\/p>\n","protected":false},"excerpt":{"rendered":"<p>Fatal accidente dom\u00e9stico se registr\u00f3 la tarde de ayer martes. Seg\u00fan se conoci\u00f3 un vecino quien resid\u00eda solo en una casa habitaci\u00f3n del puerto, en&hellip; <\/p>\n","protected":false},"author":2,"featured_media":20006,"comment_status":"open","ping_status":"closed","sticky":false,"template":"","format":"standard","meta":{"footnotes":""},"categories":[7],"tags":[],"class_list":["post-20005","post","type-post","status-publish","format-standard","has-post-thumbnail","hentry","category-atacama"],"_links":{"self":[{"href":"https:\/\/www.radioamigavallenar.cl\/index.php?rest_route=\/wp\/v2\/posts\/20005","targetHints":{"allow":["GET"]}}],"collection":[{"href":"https:\/\/www.radioamigavallenar.cl\/index.php?rest_route=\/wp\/v2\/posts"}],"about":[{"href":"https:\/\/www.radioamigavallenar.cl\/index.php?rest_route=\/wp\/v2\/types\/post"}],"author":[{"embeddable":true,"href":"https:\/\/www.radioamigavallenar.cl\/index.php?rest_route=\/wp\/v2\/users\/2"}],"replies":[{"embeddable":true,"href":"https:\/\/www.radioamigavallenar.cl\/index.php?rest_route=%2Fwp%2Fv2%2Fcomments&post=20005"}],"version-history":[{"count":0,"href":"https:\/\/www.radioamigavallenar.cl\/index.php?rest_route=\/wp\/v2\/posts\/20005\/revisions"}],"wp:featuredmedia":[{"embeddable":true,"href":"https:\/\/www.radioamigavallenar.cl\/index.php?rest_route=\/wp\/v2\/media\/20006"}],"wp:attachment":[{"href":"https:\/\/www.radioamigavallenar.cl\/index.php?rest_route=%2Fwp%2Fv2%2Fmedia&parent=20005"}],"wp:term":[{"taxonomy":"category","embeddable":true,"href":"https:\/\/www.radioamigavallenar.cl\/index.php?rest_route=%2Fwp%2Fv2%2Fcategories&post=20005"},{"taxonomy":"post_tag","embeddable":true,"href":"https:\/\/www.radioamigavallenar.cl\/index.php?rest_route=%2Fwp%2Fv2%2Ftags&post=20005"}],"curies":[{"name":"wp","href":"https:\/\/api.w.org\/{rel}","templated":true}]}}