{"id":19998,"date":"2020-01-15T13:42:56","date_gmt":"2020-01-15T16:42:56","guid":{"rendered":"https:\/\/www.radioamigavallenar.cl\/?p=19998"},"modified":"2020-01-15T13:52:13","modified_gmt":"2020-01-15T16:52:13","slug":"alcalde-de-vallenar-inaugura-temporada-de-piscinas-en-la-localidad-de-domeyko","status":"publish","type":"post","link":"https:\/\/www.radioamigavallenar.cl\/?p=19998","title":{"rendered":"Alcalde de Vallenar Inaugura Temporada de Piscinas en la localidad de Domeyko"},"content":{"rendered":"\n<figure class=\"wp-block-gallery aligncenter columns-3 is-cropped wp-block-gallery-1 is-layout-flex wp-block-gallery-is-layout-flex\"><ul class=\"blocks-gallery-grid\"><li class=\"blocks-gallery-item\"><figure><img loading=\"lazy\" decoding=\"async\" width=\"1024\" height=\"684\" src=\"https:\/\/www.radioamigavallenar.cl\/wp-content\/uploads\/2020\/01\/DSC_0187-1024x684.jpg\" alt=\"\" data-id=\"19999\" data-full-url=\"https:\/\/www.radioamigavallenar.cl\/wp-content\/uploads\/2020\/01\/DSC_0187-scaled.jpg\" data-link=\"https:\/\/www.radioamigavallenar.cl\/?attachment_id=19999\" class=\"wp-image-19999\" srcset=\"https:\/\/www.radioamigavallenar.cl\/wp-content\/uploads\/2020\/01\/DSC_0187-1024x684.jpg 1024w, https:\/\/www.radioamigavallenar.cl\/wp-content\/uploads\/2020\/01\/DSC_0187-300x201.jpg 300w, https:\/\/www.radioamigavallenar.cl\/wp-content\/uploads\/2020\/01\/DSC_0187-768x513.jpg 768w, https:\/\/www.radioamigavallenar.cl\/wp-content\/uploads\/2020\/01\/DSC_0187-1536x1027.jpg 1536w, https:\/\/www.radioamigavallenar.cl\/wp-content\/uploads\/2020\/01\/DSC_0187-2048x1369.jpg 2048w\" sizes=\"auto, (max-width: 1024px) 100vw, 1024px\" \/><\/figure><\/li><li class=\"blocks-gallery-item\"><figure><img loading=\"lazy\" decoding=\"async\" width=\"1024\" height=\"684\" src=\"https:\/\/www.radioamigavallenar.cl\/wp-content\/uploads\/2020\/01\/DSC_0199-1024x684.jpg\" alt=\"\" data-id=\"20000\" data-full-url=\"https:\/\/www.radioamigavallenar.cl\/wp-content\/uploads\/2020\/01\/DSC_0199-scaled.jpg\" data-link=\"https:\/\/www.radioamigavallenar.cl\/?attachment_id=20000\" class=\"wp-image-20000\" srcset=\"https:\/\/www.radioamigavallenar.cl\/wp-content\/uploads\/2020\/01\/DSC_0199-1024x684.jpg 1024w, https:\/\/www.radioamigavallenar.cl\/wp-content\/uploads\/2020\/01\/DSC_0199-300x201.jpg 300w, https:\/\/www.radioamigavallenar.cl\/wp-content\/uploads\/2020\/01\/DSC_0199-768x513.jpg 768w, https:\/\/www.radioamigavallenar.cl\/wp-content\/uploads\/2020\/01\/DSC_0199-1536x1027.jpg 1536w, https:\/\/www.radioamigavallenar.cl\/wp-content\/uploads\/2020\/01\/DSC_0199-2048x1369.jpg 2048w\" sizes=\"auto, (max-width: 1024px) 100vw, 1024px\" \/><\/figure><\/li><li class=\"blocks-gallery-item\"><figure><img loading=\"lazy\" decoding=\"async\" width=\"1024\" height=\"684\" src=\"https:\/\/www.radioamigavallenar.cl\/wp-content\/uploads\/2020\/01\/DSC_0204-1024x684.jpg\" alt=\"\" data-id=\"20001\" data-full-url=\"https:\/\/www.radioamigavallenar.cl\/wp-content\/uploads\/2020\/01\/DSC_0204-scaled.jpg\" data-link=\"https:\/\/www.radioamigavallenar.cl\/?attachment_id=20001\" class=\"wp-image-20001\" srcset=\"https:\/\/www.radioamigavallenar.cl\/wp-content\/uploads\/2020\/01\/DSC_0204-1024x684.jpg 1024w, https:\/\/www.radioamigavallenar.cl\/wp-content\/uploads\/2020\/01\/DSC_0204-300x201.jpg 300w, https:\/\/www.radioamigavallenar.cl\/wp-content\/uploads\/2020\/01\/DSC_0204-768x513.jpg 768w, https:\/\/www.radioamigavallenar.cl\/wp-content\/uploads\/2020\/01\/DSC_0204-1536x1027.jpg 1536w, https:\/\/www.radioamigavallenar.cl\/wp-content\/uploads\/2020\/01\/DSC_0204-2048x1369.jpg 2048w\" sizes=\"auto, (max-width: 1024px) 100vw, 1024px\" \/><\/figure><\/li><li class=\"blocks-gallery-item\"><figure><img loading=\"lazy\" decoding=\"async\" width=\"1024\" height=\"684\" src=\"https:\/\/www.radioamigavallenar.cl\/wp-content\/uploads\/2020\/01\/DSC_0238-1024x684.jpg\" alt=\"\" data-id=\"20002\" data-full-url=\"https:\/\/www.radioamigavallenar.cl\/wp-content\/uploads\/2020\/01\/DSC_0238-scaled.jpg\" data-link=\"https:\/\/www.radioamigavallenar.cl\/?attachment_id=20002\" class=\"wp-image-20002\" srcset=\"https:\/\/www.radioamigavallenar.cl\/wp-content\/uploads\/2020\/01\/DSC_0238-1024x684.jpg 1024w, https:\/\/www.radioamigavallenar.cl\/wp-content\/uploads\/2020\/01\/DSC_0238-300x201.jpg 300w, https:\/\/www.radioamigavallenar.cl\/wp-content\/uploads\/2020\/01\/DSC_0238-768x513.jpg 768w, https:\/\/www.radioamigavallenar.cl\/wp-content\/uploads\/2020\/01\/DSC_0238-1536x1027.jpg 1536w, https:\/\/www.radioamigavallenar.cl\/wp-content\/uploads\/2020\/01\/DSC_0238-2048x1369.jpg 2048w\" sizes=\"auto, (max-width: 1024px) 100vw, 1024px\" \/><\/figure><\/li><\/ul><\/figure>\n\n\n\n<p>Con la presencia el\nalcalde de la comuna, Cristian Tapia Ramos, los concejales, Robinson Morales,\nLuis Valderrama, el presidente de la junta de vecinos de la localidad, Pedro\nLag\u00fces, vecinas y vecinos, se dio el vamos a la temporada de piscinas en la\nlocalidad minera de Domeyko, actividad que convoc\u00f3 a m\u00e1s de un centenar de\nni\u00f1os que junto a sus padres y familiares disfrutaron de una entretenida\njornada veraniega.<\/p>\n\n\n\n<p>Cabe destacar que por\ntercer a\u00f1o consecutivos la piscina de Domeyko funciona de manera gratuita para\ntodos los ni\u00f1os y ni\u00f1as de la localidad, algo que para muchas personas era casi\nimposible de concretar, sin embargo, gracias a la gesti\u00f3n del alcalde Tapia y\nel concejo municipal hoy es toda una realidad, sobre todo con las altas\ntemperaturas que en esta \u00e9poca se perciben en esa localidad.<\/p>\n\n\n\n<p>Carol Gajardo vecina de\nla localidad tuvo palabras de agradecimiento al alcalde por esta oportunidad\nque los ni\u00f1os tengan donde ba\u00f1arse en verano.<\/p>\n\n\n\n<p><strong>\u201cMe parece bien para los ni\u00f1os, que se diviertan\nun poco, hace algo bonito el alcalde por la localidad ojal\u00e1 que dure hasta\nmarzo la piscina\u201d.<\/strong><\/p>\n\n\n\n<p>Carlos Carvajal padre de\nunas peque\u00f1as que disfrutaba en la piscina, se mostr\u00f3 muy contento con la\nimplementaci\u00f3n de la piscina.<\/p>\n\n\n\n<p><strong>\u201cBueno ac\u00e1 en Domeyko es muy importante porque los\ncalores son tremendas, todos los d\u00edas tenemos sobre los 30\u00b0 as\u00ed que es muy\nbueno, mis hijas est\u00e1n disfrutando ah\u00ed de la piscina y una genialidad del\nmunicipio haya construido esta piscina en Domeyko, nosotros cuando no est\u00e1 la\npiscina era manguereo en la casa no m\u00e1s, as\u00ed que una genial idea y que los\nni\u00f1os est\u00e9n felices y a parte que uno se ahorra unas lucas tambi\u00e9n, es todo\ngratis as\u00ed que genial\u201d.&nbsp; <\/strong><\/p>\n\n\n\n<p>Por otra parte, el alcalde\nCristian Tapia, qui\u00e9n junto a los concejales Valderrama y Morales entregaban\nhelados a los ni\u00f1os y adultos que se encontraban en la piscina, se mostro feliz\npor ver a los ni\u00f1os disfrutando del agua.<\/p>\n\n\n\n<p><strong>\u201cMucha alegr\u00eda ver a todos los ni\u00f1os y ni\u00f1as ac\u00e1 disfrutando de esta piscina, sabemos que es un lugar muy des\u00e9rtico y donde esta piscina ya por tercer a\u00f1o consecutivo se abre a la comunidad absolutamente gratuito y lo importante es que la gente lo disfrute va a estar abierto todos los d\u00edas, para poder disfrutar y ver a los papas tambi\u00e9n a las madres para que ellos tambi\u00e9n puedan capear\u00a0 lo que significa este fuerte calor que existe en este lado, as\u00ed que contento y a seguir trabajando por ellos\u201d.\u00a0 <\/strong> <\/p>\n\n\n\n<p>El funcionamiento de la piscina es de martes a domingos en horarios de 15:00 a 20:00 horas y la entrada es totalmente gratuita. <\/p>\n","protected":false},"excerpt":{"rendered":"<p>Con la presencia el alcalde de la comuna, Cristian Tapia Ramos, los concejales, Robinson Morales, Luis Valderrama, el presidente de la junta de vecinos de&hellip; <\/p>\n","protected":false},"author":2,"featured_media":20001,"comment_status":"open","ping_status":"closed","sticky":false,"template":"","format":"standard","meta":{"footnotes":""},"categories":[7,1],"tags":[],"class_list":["post-19998","post","type-post","status-publish","format-standard","has-post-thumbnail","hentry","category-atacama","category-provincia-del-huasco-2"],"_links":{"self":[{"href":"https:\/\/www.radioamigavallenar.cl\/index.php?rest_route=\/wp\/v2\/posts\/19998","targetHints":{"allow":["GET"]}}],"collection":[{"href":"https:\/\/www.radioamigavallenar.cl\/index.php?rest_route=\/wp\/v2\/posts"}],"about":[{"href":"https:\/\/www.radioamigavallenar.cl\/index.php?rest_route=\/wp\/v2\/types\/post"}],"author":[{"embeddable":true,"href":"https:\/\/www.radioamigavallenar.cl\/index.php?rest_route=\/wp\/v2\/users\/2"}],"replies":[{"embeddable":true,"href":"https:\/\/www.radioamigavallenar.cl\/index.php?rest_route=%2Fwp%2Fv2%2Fcomments&post=19998"}],"version-history":[{"count":0,"href":"https:\/\/www.radioamigavallenar.cl\/index.php?rest_route=\/wp\/v2\/posts\/19998\/revisions"}],"wp:featuredmedia":[{"embeddable":true,"href":"https:\/\/www.radioamigavallenar.cl\/index.php?rest_route=\/wp\/v2\/media\/20001"}],"wp:attachment":[{"href":"https:\/\/www.radioamigavallenar.cl\/index.php?rest_route=%2Fwp%2Fv2%2Fmedia&parent=19998"}],"wp:term":[{"taxonomy":"category","embeddable":true,"href":"https:\/\/www.radioamigavallenar.cl\/index.php?rest_route=%2Fwp%2Fv2%2Fcategories&post=19998"},{"taxonomy":"post_tag","embeddable":true,"href":"https:\/\/www.radioamigavallenar.cl\/index.php?rest_route=%2Fwp%2Fv2%2Ftags&post=19998"}],"curies":[{"name":"wp","href":"https:\/\/api.w.org\/{rel}","templated":true}]}}