{"id":19993,"date":"2020-01-15T13:38:42","date_gmt":"2020-01-15T16:38:42","guid":{"rendered":"https:\/\/www.radioamigavallenar.cl\/?p=19993"},"modified":"2020-01-15T13:38:44","modified_gmt":"2020-01-15T16:38:44","slug":"jefe-de-division-de-gestion-de-redes-asistenciales-del-minsal-conocio-funcionamiento-del-hph","status":"publish","type":"post","link":"https:\/\/www.radioamigavallenar.cl\/?p=19993","title":{"rendered":"Jefe de Divisi\u00f3n de Gesti\u00f3n de Redes Asistenciales del Minsal conoci\u00f3 funcionamiento del HPH"},"content":{"rendered":"\n<figure class=\"wp-block-gallery columns-3 is-cropped wp-block-gallery-1 is-layout-flex wp-block-gallery-is-layout-flex\"><ul class=\"blocks-gallery-grid\"><li class=\"blocks-gallery-item\"><figure><img loading=\"lazy\" decoding=\"async\" width=\"1024\" height=\"683\" src=\"https:\/\/www.radioamigavallenar.cl\/wp-content\/uploads\/2020\/01\/Visita-DIGERA-1-1024x683.jpg\" alt=\"\" data-id=\"19994\" data-full-url=\"https:\/\/www.radioamigavallenar.cl\/wp-content\/uploads\/2020\/01\/Visita-DIGERA-1-scaled.jpg\" data-link=\"https:\/\/www.radioamigavallenar.cl\/?attachment_id=19994\" class=\"wp-image-19994\" srcset=\"https:\/\/www.radioamigavallenar.cl\/wp-content\/uploads\/2020\/01\/Visita-DIGERA-1-1024x683.jpg 1024w, https:\/\/www.radioamigavallenar.cl\/wp-content\/uploads\/2020\/01\/Visita-DIGERA-1-300x200.jpg 300w, https:\/\/www.radioamigavallenar.cl\/wp-content\/uploads\/2020\/01\/Visita-DIGERA-1-768x512.jpg 768w, https:\/\/www.radioamigavallenar.cl\/wp-content\/uploads\/2020\/01\/Visita-DIGERA-1-1536x1024.jpg 1536w, https:\/\/www.radioamigavallenar.cl\/wp-content\/uploads\/2020\/01\/Visita-DIGERA-1-2048x1365.jpg 2048w\" sizes=\"auto, (max-width: 1024px) 100vw, 1024px\" \/><\/figure><\/li><li class=\"blocks-gallery-item\"><figure><img loading=\"lazy\" decoding=\"async\" width=\"1024\" height=\"683\" src=\"https:\/\/www.radioamigavallenar.cl\/wp-content\/uploads\/2020\/01\/Visita-DIGERA-2-1024x683.jpg\" alt=\"\" data-id=\"19995\" data-full-url=\"https:\/\/www.radioamigavallenar.cl\/wp-content\/uploads\/2020\/01\/Visita-DIGERA-2-scaled.jpg\" data-link=\"https:\/\/www.radioamigavallenar.cl\/?attachment_id=19995\" class=\"wp-image-19995\" srcset=\"https:\/\/www.radioamigavallenar.cl\/wp-content\/uploads\/2020\/01\/Visita-DIGERA-2-1024x683.jpg 1024w, https:\/\/www.radioamigavallenar.cl\/wp-content\/uploads\/2020\/01\/Visita-DIGERA-2-300x200.jpg 300w, https:\/\/www.radioamigavallenar.cl\/wp-content\/uploads\/2020\/01\/Visita-DIGERA-2-768x512.jpg 768w, https:\/\/www.radioamigavallenar.cl\/wp-content\/uploads\/2020\/01\/Visita-DIGERA-2-1536x1024.jpg 1536w, https:\/\/www.radioamigavallenar.cl\/wp-content\/uploads\/2020\/01\/Visita-DIGERA-2-2048x1365.jpg 2048w\" sizes=\"auto, (max-width: 1024px) 100vw, 1024px\" \/><\/figure><\/li><li class=\"blocks-gallery-item\"><figure><img loading=\"lazy\" decoding=\"async\" width=\"1024\" height=\"683\" src=\"https:\/\/www.radioamigavallenar.cl\/wp-content\/uploads\/2020\/01\/Visita-DIGERA-3-1024x683.jpg\" alt=\"\" data-id=\"19996\" data-full-url=\"https:\/\/www.radioamigavallenar.cl\/wp-content\/uploads\/2020\/01\/Visita-DIGERA-3-scaled.jpg\" data-link=\"https:\/\/www.radioamigavallenar.cl\/?attachment_id=19996\" class=\"wp-image-19996\" srcset=\"https:\/\/www.radioamigavallenar.cl\/wp-content\/uploads\/2020\/01\/Visita-DIGERA-3-1024x683.jpg 1024w, https:\/\/www.radioamigavallenar.cl\/wp-content\/uploads\/2020\/01\/Visita-DIGERA-3-300x200.jpg 300w, https:\/\/www.radioamigavallenar.cl\/wp-content\/uploads\/2020\/01\/Visita-DIGERA-3-768x512.jpg 768w, https:\/\/www.radioamigavallenar.cl\/wp-content\/uploads\/2020\/01\/Visita-DIGERA-3-1536x1024.jpg 1536w, https:\/\/www.radioamigavallenar.cl\/wp-content\/uploads\/2020\/01\/Visita-DIGERA-3-2048x1365.jpg 2048w\" sizes=\"auto, (max-width: 1024px) 100vw, 1024px\" \/><\/figure><\/li><\/ul><\/figure>\n\n\n\n<p>Se realiza visita al Hospital\nProvincial del Huasco (HPH), por el jefe de la Divisi\u00f3n de Gesti\u00f3n de&nbsp;\nRedes Asistenciales (DIGERA) del Minsal, Dr. Rub\u00e9n GenneroRiganti, donde junto\nal director (s) del Servicio de Salud de Atacama (SSA) Claudio Baeza y el\ndirector (s) del HPH, Juan Pablo Rojas, se reunieron con directivos y jefes\ncl\u00ednicos del recinto haciendo un recorrido por sus dependencias.<\/p>\n\n\n\n<p>En la visita, se le expuso al Dr.\nGennero las principales problem\u00e1ticas que han tenido con la red de salud\np\u00fablica y la necesidad de buscar soluciones y alternativas que vayan en\nbeneficio de los usuarios de la provincia.<\/p>\n\n\n\n<p>\u201cEstamos preocupados por mejorar\nd\u00eda a d\u00eda la salud de las personas, buscando siempre alternativas para enfocar\nnuestro trabajo y entregar una salud digna y de calidad. La visita del jefe de\nla DIGERA nos permite que conozca cu\u00e1les son las principales problem\u00e1ticas de\nla salud en la provincia del Huasco, y que en conjunto y con la visi\u00f3n de sus\ndirectivos, busquemos soluciones y respuestas\u201d, dijo el Director (s) del SSA,\nClaudio Baeza Avello.<\/p>\n\n\n\n<p>Fueron los jefes de los servicios cl\u00ednicos del HPH,\nquienes manifestaron al jefe de la DIGERA, las dificultades que se tienen d\u00eda a\nd\u00eda en procedimientos, traslados y la propia gesti\u00f3n cl\u00ednica con otros recintos\nm\u00e9dicos a nivel nacional y regional. <\/p>\n\n\n\n<p>\u201cEstamos realizando un trabajo desde el Ministerio de\nconocer las realidades de cada recinto hospitalario en el pa\u00eds, y en el\nHospital Provincial del Huasco revisamos gesti\u00f3n de derivaci\u00f3n en redes\ncomplejas, eficiencia en pabellones y dotaci\u00f3n de camas de intensivo\u201d, refiere\nel Dr. Gennero.<\/p>\n\n\n\n<p>Por su parte, el director (s) del\nHPH, Juan Pablo Rojas, coment\u00f3 que \u201csiempre es una buena noticia que desde el\nMinisterio nos visiten y podamos buscar soluciones en equipo a los\ninconvenientes que d\u00eda a d\u00eda surgen cuando buscamos entregar una mejor salud a\nlas personas. Creemos que ha sido una visita muy fruct\u00edfera y que permitir\u00e1\nmejorar diversos aspectos en la gesti\u00f3n hospitalaria\u201d, se\u00f1ala el director.\n\nLuego de tener el di\u00e1logo con los m\u00e9dicos del\nHospital el Dr. Rub\u00e9n Gennero y su equipo conoci\u00f3 los servicios de Urgencia,\nUTI y Pabell\u00f3n del Hospital, adem\u00e1s de visitar tambi\u00e9n el servicio de Medicina,\nel Consultorio Adosado de Especialidades y Farmacia.\n\n\n\n<\/p>\n","protected":false},"excerpt":{"rendered":"<p>Se realiza visita al Hospital Provincial del Huasco (HPH), por el jefe de la Divisi\u00f3n de Gesti\u00f3n de&nbsp; Redes Asistenciales (DIGERA) del Minsal, Dr. Rub\u00e9n&hellip; <\/p>\n","protected":false},"author":2,"featured_media":19995,"comment_status":"open","ping_status":"closed","sticky":false,"template":"","format":"standard","meta":{"footnotes":""},"categories":[1,2],"tags":[],"class_list":["post-19993","post","type-post","status-publish","format-standard","has-post-thumbnail","hentry","category-provincia-del-huasco-2","category-vallenar"],"_links":{"self":[{"href":"https:\/\/www.radioamigavallenar.cl\/index.php?rest_route=\/wp\/v2\/posts\/19993","targetHints":{"allow":["GET"]}}],"collection":[{"href":"https:\/\/www.radioamigavallenar.cl\/index.php?rest_route=\/wp\/v2\/posts"}],"about":[{"href":"https:\/\/www.radioamigavallenar.cl\/index.php?rest_route=\/wp\/v2\/types\/post"}],"author":[{"embeddable":true,"href":"https:\/\/www.radioamigavallenar.cl\/index.php?rest_route=\/wp\/v2\/users\/2"}],"replies":[{"embeddable":true,"href":"https:\/\/www.radioamigavallenar.cl\/index.php?rest_route=%2Fwp%2Fv2%2Fcomments&post=19993"}],"version-history":[{"count":0,"href":"https:\/\/www.radioamigavallenar.cl\/index.php?rest_route=\/wp\/v2\/posts\/19993\/revisions"}],"wp:featuredmedia":[{"embeddable":true,"href":"https:\/\/www.radioamigavallenar.cl\/index.php?rest_route=\/wp\/v2\/media\/19995"}],"wp:attachment":[{"href":"https:\/\/www.radioamigavallenar.cl\/index.php?rest_route=%2Fwp%2Fv2%2Fmedia&parent=19993"}],"wp:term":[{"taxonomy":"category","embeddable":true,"href":"https:\/\/www.radioamigavallenar.cl\/index.php?rest_route=%2Fwp%2Fv2%2Fcategories&post=19993"},{"taxonomy":"post_tag","embeddable":true,"href":"https:\/\/www.radioamigavallenar.cl\/index.php?rest_route=%2Fwp%2Fv2%2Ftags&post=19993"}],"curies":[{"name":"wp","href":"https:\/\/api.w.org\/{rel}","templated":true}]}}