{"id":19987,"date":"2020-01-15T12:25:02","date_gmt":"2020-01-15T15:25:02","guid":{"rendered":"https:\/\/www.radioamigavallenar.cl\/?p=19987"},"modified":"2020-01-15T12:26:31","modified_gmt":"2020-01-15T15:26:31","slug":"codelco-pide-desafuero-de-dirigentes-sindicales-por-supuesta-maquinacion-defraudadora","status":"publish","type":"post","link":"https:\/\/www.radioamigavallenar.cl\/?p=19987","title":{"rendered":"Codelco pide desafuero de dirigentes sindicales por supuesta \u00abmaquinaci\u00f3n defraudadora\u00bb"},"content":{"rendered":"\n<div class=\"wp-block-image\"><figure class=\"aligncenter size-large\"><img loading=\"lazy\" decoding=\"async\" width=\"1024\" height=\"576\" src=\"https:\/\/www.radioamigavallenar.cl\/wp-content\/uploads\/2020\/01\/codelco-chile-1024x576.jpg\" alt=\"\" class=\"wp-image-19988\" srcset=\"https:\/\/www.radioamigavallenar.cl\/wp-content\/uploads\/2020\/01\/codelco-chile-1024x576.jpg 1024w, https:\/\/www.radioamigavallenar.cl\/wp-content\/uploads\/2020\/01\/codelco-chile-300x169.jpg 300w, https:\/\/www.radioamigavallenar.cl\/wp-content\/uploads\/2020\/01\/codelco-chile-768x432.jpg 768w, https:\/\/www.radioamigavallenar.cl\/wp-content\/uploads\/2020\/01\/codelco-chile.jpg 1130w\" sizes=\"auto, (max-width: 1024px) 100vw, 1024px\" \/><\/figure><\/div>\n\n\n\n<p>La minera acusa a una veintena de representantes de trabajadores de Chuqui y Radomiro Tomic por posible malversaci\u00f3n de fondos en la gesti\u00f3n de seguros de vida.<\/p>\n\n\n\n<p>Involucrados aseguran que la cupr\u00edfera avalaba los valores de las p\u00f3lizas<\/p>\n\n\n\n<p>La estatal chilena\u00a0Codelco, el principal productor mundial de cobre,\u00a0pidi\u00f3 el desafuero de m\u00e1s de 20 dirigentes sindicales activos de Chuquicamata y de Radomiro Tomic\u00a0acusados por la minera por<strong><a rel=\"noreferrer noopener\" href=\"https:\/\/www.cooperativa.cl\/noticias\/pais\/empresas-del-estado\/codelco\/codelco-se-querello-por-supuesta-estafa-en-el-manejo-de-seguros-de-vida\/2020-01-14\/023344.html\" target=\"_blank\">\u00a0<\/a><\/strong>posible malversaci\u00f3n de fondos.<\/p>\n\n\n\n<p>La cupr\u00edfera present\u00f3 la demanda de desafuero como segunda parte de la<strong>\u00a0<\/strong>querella que el lunes present\u00f3 por estafa y donde acusa un perjuicio de m\u00e1s de 20 millones de d\u00f3lares por la gesti\u00f3n de los seguros de vida y de accidente\u00a0que la divisi\u00f3n del norte tiene hace 14 a\u00f1os con\u00a0Chilena Consolidada\u00a0y donde tambi\u00e9n participa\u00a0Gesti\u00f3n y Servicios (GyS), firma intermediaria entre los sindicatos y la aseguradora.<\/p>\n\n\n\n<p>De acuerdo a una denuncia an\u00f3nima recibida por el\u00a0Ministerio de Miner\u00eda<strong>, <\/strong>Codelco pag\u00f3 hasta un 68 por ciento m\u00e1s en los contratos de estas p\u00f3lizas\u00a0y los\u00a0perjuicios alcanzar\u00edan los 20 millones de d\u00f3lare<strong>s.<\/strong><\/p>\n\n\n\n<p>Entre los nombres de los dirigentes sindicales desaforados hay nombres hist\u00f3ricos, como\u00a0Hern\u00e1n Guerrero, Miguel L\u00f3pez, H\u00e9ctor Rocco y Armando Silva, entre otros, informa este mi\u00e9rcoles el diario<em>\u00a0La Tercera<\/em>.\u00a0<\/p>\n\n\n\n<p>Tambi\u00e9n est\u00e1n los actuales presidentes de los sindicatos N\u00b0 1, 2 y 3 de Chuquicamata,\u00a0Cecilia Gonz\u00e1lez, Liliana Ugarte y Rolando Milla, respectivamente.\u00a0<\/p>\n\n\n\n<p>La minera acusa que los representantes sindicales forman parte de una&nbsp;<strong>\u00abmaquinaci\u00f3n defraudadora\u00bb<\/strong>&nbsp;que permiti\u00f3 aumentar de manera artificial el valor de las p\u00f3lizas \u00abque Codelco estaba obligada a financiar en un 50% en virtud de instrumentos colectivos\u00bb.<\/p>\n\n\n\n<p>\u00abA merced de esta maniobra, se pag\u00f3 a la empresa aseguradora un sobreprecio significativo, injustificado, a todas luces fraudulento y re\u00f1ido con el ordenamiento jur\u00eddico, gener\u00e1ndose un perjuicio para Codelco que preliminarmente se ha estimado en US$ 11 millones y otro tanto para los trabajadores afiliados a las organizaciones sindicales que concurrieron al financiamiento de un 50% del valor de la p\u00f3liza\u00bb, indica la minera en la demanda, citada por el rotativo.&nbsp;<\/p>\n\n\n\n<p>Por contrato colectivo,<strong>\u00a0<\/strong>los dirigentes ten\u00edan a su cargo la gesti\u00f3n y contrataci\u00f3n de los seguros de vida y accidentes personales desde 2004 hasta 2017, los que eran\u00a0financiados en partes iguales por Codelco y los trabajadores afiliados a dichos sindicatos<strong>.<\/strong><\/p>\n\n\n\n<p>Ayer martes tambi\u00e9n<strong>\u00a0<\/strong>fueron despedidos los ex dirigentes Hern\u00e1n Polanco y Miguel L\u00f3pez de Chuquicamata\u00a0y m\u00e1s de una decena de ex dirigentes de Radomiro Tomic, operaci\u00f3n que entre 2008 y 2016 ten\u00eda seguros de salud, dental y catastr\u00f3ficos contratados por la firma, previa selecci\u00f3n del sindicato, y donde Chilena Consolidada y Gesti\u00f3n y Servicios tambi\u00e9n prestaban el servicio.<\/p>\n\n\n\n<h2 class=\"has-text-align-center wp-block-heading\"><em><strong>Trabajadores aseguran que Codelco avalaba los valores de las p\u00f3lizas<\/strong><\/em><\/h2>\n\n\n\n<p>A juicio de los trabajadores involucrados en el caso, Codelco est\u00e1 \u00abinjuriando\u00bb a la dirigencia sindical<strong>\u00a0<\/strong>y est\u00e1 tratando de cambiar el foco real de los conflictos que enfrenta Chuquicamata.<\/p>\n\n\n\n<p>\u00abTenemos todos los antecedentes y nos vamos a defender\u00bb, dijo el presidente del sindicato 3 de la faena,\u00a0Rolando Milla.<\/p>\n\n\n\n<p>El dirigente adem\u00e1s indic\u00f3 que<strong>\u00a0\u00ab<\/strong>los abogados de Codelco firmaban la renovaci\u00f3n de los contratos. Ellos los revisaban y aceptaban\u00bb.<\/p>\n\n\n\n<p>Chuquicamata atraviesa\u00a0una fuerte transformaci\u00f3n al pasar a ser una operaci\u00f3n subterr\u00e1nea y donde s\u00f3lo en 2019 ya han salido m\u00e1s de 500 personas por plan de egreso y otras 60 han sido despedidas.<\/p>\n","protected":false},"excerpt":{"rendered":"<p>La minera acusa a una veintena de representantes de trabajadores de Chuqui y Radomiro Tomic por posible malversaci\u00f3n de fondos en la gesti\u00f3n de seguros&hellip; <\/p>\n","protected":false},"author":2,"featured_media":19988,"comment_status":"open","ping_status":"closed","sticky":false,"template":"","format":"standard","meta":{"footnotes":""},"categories":[34,37],"tags":[],"class_list":["post-19987","post","type-post","status-publish","format-standard","has-post-thumbnail","hentry","category-mineria","category-nacional"],"_links":{"self":[{"href":"https:\/\/www.radioamigavallenar.cl\/index.php?rest_route=\/wp\/v2\/posts\/19987","targetHints":{"allow":["GET"]}}],"collection":[{"href":"https:\/\/www.radioamigavallenar.cl\/index.php?rest_route=\/wp\/v2\/posts"}],"about":[{"href":"https:\/\/www.radioamigavallenar.cl\/index.php?rest_route=\/wp\/v2\/types\/post"}],"author":[{"embeddable":true,"href":"https:\/\/www.radioamigavallenar.cl\/index.php?rest_route=\/wp\/v2\/users\/2"}],"replies":[{"embeddable":true,"href":"https:\/\/www.radioamigavallenar.cl\/index.php?rest_route=%2Fwp%2Fv2%2Fcomments&post=19987"}],"version-history":[{"count":0,"href":"https:\/\/www.radioamigavallenar.cl\/index.php?rest_route=\/wp\/v2\/posts\/19987\/revisions"}],"wp:featuredmedia":[{"embeddable":true,"href":"https:\/\/www.radioamigavallenar.cl\/index.php?rest_route=\/wp\/v2\/media\/19988"}],"wp:attachment":[{"href":"https:\/\/www.radioamigavallenar.cl\/index.php?rest_route=%2Fwp%2Fv2%2Fmedia&parent=19987"}],"wp:term":[{"taxonomy":"category","embeddable":true,"href":"https:\/\/www.radioamigavallenar.cl\/index.php?rest_route=%2Fwp%2Fv2%2Fcategories&post=19987"},{"taxonomy":"post_tag","embeddable":true,"href":"https:\/\/www.radioamigavallenar.cl\/index.php?rest_route=%2Fwp%2Fv2%2Ftags&post=19987"}],"curies":[{"name":"wp","href":"https:\/\/api.w.org\/{rel}","templated":true}]}}