{"id":19984,"date":"2020-01-15T12:17:18","date_gmt":"2020-01-15T15:17:18","guid":{"rendered":"https:\/\/www.radioamigavallenar.cl\/?p=19984"},"modified":"2020-01-15T13:21:17","modified_gmt":"2020-01-15T16:21:17","slug":"uno-de-cada-tres-funcionarios-publicos-admite-que-entro-al-estado-por-pituto","status":"publish","type":"post","link":"https:\/\/www.radioamigavallenar.cl\/?p=19984","title":{"rendered":"Uno de cada tres funcionarios p\u00fablicos admite que entr\u00f3 al Estado \u00abpor pituto\u00bb"},"content":{"rendered":"\n<div class=\"wp-block-image\"><figure class=\"aligncenter size-large\"><img loading=\"lazy\" decoding=\"async\" width=\"1024\" height=\"576\" src=\"https:\/\/www.radioamigavallenar.cl\/wp-content\/uploads\/2020\/01\/pituto-1024x576.jpeg\" alt=\"\" class=\"wp-image-19985\" srcset=\"https:\/\/www.radioamigavallenar.cl\/wp-content\/uploads\/2020\/01\/pituto-1024x576.jpeg 1024w, https:\/\/www.radioamigavallenar.cl\/wp-content\/uploads\/2020\/01\/pituto-300x169.jpeg 300w, https:\/\/www.radioamigavallenar.cl\/wp-content\/uploads\/2020\/01\/pituto-768x432.jpeg 768w, https:\/\/www.radioamigavallenar.cl\/wp-content\/uploads\/2020\/01\/pituto.jpeg 1130w\" sizes=\"auto, (max-width: 1024px) 100vw, 1024px\" \/><\/figure><\/div>\n\n\n\n<h4 class=\"wp-block-heading\">El director del Servicio Civil, Alejandro Weber, adelant\u00f3&nbsp; los resultados de una encuesta realizada a 21.443 trabajadores.<\/h4>\n\n\n\n<p>El director del Servicio Civil,<strong>\u00a0<\/strong>Alejandro Weber, que\u00a0los resultados de la\u00a0Primera Encuesta Nacional de Funcionarios P\u00fablicos, mostr\u00f3 que\u00a0cerca de un tercio de los trabajadores reconoci\u00f3 haber ingresado al Estado por un \u00abpituto<strong>\u00bb.<\/strong><\/p>\n\n\n\n<p>Al detallar el sondeo, que recogi\u00f3 la opini\u00f3n de 21.443 trabajadores de 65 instituciones, Weber indic\u00f3 \u00abes la primera vez que escuchamos directamente la voz de los funcionarios\u00bb, donde \u00abel vaso medio vac\u00edo nos muestra que<strong>&nbsp;<\/strong>cerca de un tercio de los funcionarios que contestaron la encuesta -y que es bastante representativa de lo que ocurre en el sector p\u00fablico en general- dice que ingres\u00f3 al Estado por pituto\u00ab.<\/p>\n\n\n\n<p>\u00abEs decir, por los v\u00ednculos con familiares, pol\u00edticos o amigos que le permitieron ingresar al Estado\u00ab, indic\u00f3.<\/p>\n\n\n\n<p>\u00abSi desglosamos ese dato y comparamos por antig\u00fcedad \u2013detall\u00f3 Weber- encontramos que aquellas personas que ingresaron hace 20 \u00f3 25 a la Administraci\u00f3n, cerca del 45 por ciento dice que ingres\u00f3 por pituto al Estado; versus los que ingresaron los \u00faltimos cinco a\u00f1os, que se\u00f1alan m\u00e1s un menos en un 10 por ciento, 15 por ciento, que ingresaron al Estado gracias a la ayuda de terceros\u00bb.<\/p>\n\n\n\n<p>Si bien admiti\u00f3 que \u00abalgo hemos avanzado, las oportunidades de mejora ah\u00ed son enormes\u00bb e, incluso, sostuvo que \u00absi nos comparamos con el promedio de los pa\u00edses OCDE, que tienen nivel de institucionalidad en materia de personas mucho m\u00e1s desarrollados,&nbsp;estamos muy por detr\u00e1s de lo que est\u00e1 en el est\u00e1ndar internacional\u00ab.<\/p>\n\n\n\n<h2 class=\"has-text-align-center wp-block-heading\"><em>\u00abAyuda de pol\u00edticos o amigos\u00bb para futuro desarrollo<\/em><\/h2>\n\n\n\n<p>Otro dato que se extrae de la encuesta, cuyos datos ser\u00e1n revelados en detalle durante la tarde de este mi\u00e9rcoles, es que \u00ab<strong>casi el mismo tercio de funcionarios dice creer que para su futuro desarrollo, eso significa mejor remuneraci\u00f3n o asumir mayores responsabilidades, creen que van a necesitar la ayuda de pol\u00edticos o amigos para poder hacerlo<\/strong>\u00ab.<\/p>\n\n\n\n<p>\u00abEso es algo que podemos permitir en el Estado\u00bb, enfatiz\u00f3 Weber.<\/p>\n\n\n\n<p>A esto se suma, seg\u00fan lo detallado por el director del Servicio Civil, que \u00abs\u00f3lo un 40 por ciento dice que recibe la capacitaci\u00f3n que necesita para entregar un mejor servicio a la ciudadan\u00eda o mejorar su desempe\u00f1o\u00bb.<\/p>\n\n\n\n<p>En tanto, el sondeo tambi\u00e9n muestra que \u00ab<strong>hay un nivel de compromiso laboral superior a lo que encontramos en otros pa\u00edses de Latinoam\u00e9rica, incluso en pa\u00edses de la OCDE<\/strong>\u00ab.<\/p>\n\n\n\n<p>\u00abCerca del 91 por ciento de los funcionarios encuestados dice que est\u00e1 orgulloso del trabajo que realiza y tiene una vocaci\u00f3n de servicio p\u00fablico claramente se\u00f1alada (\u2026) eso es una base muy s\u00f3lida para poder construir otro tipo de pol\u00edticas hacia delante\u00bb, sentenci\u00f3 el director del Servicio Civil.<\/p>\n","protected":false},"excerpt":{"rendered":"<p>El director del Servicio Civil, Alejandro Weber, adelant\u00f3&nbsp; los resultados de una encuesta realizada a 21.443 trabajadores. El director del Servicio Civil,\u00a0Alejandro Weber, que\u00a0los resultados&hellip; <\/p>\n","protected":false},"author":2,"featured_media":19985,"comment_status":"open","ping_status":"closed","sticky":false,"template":"","format":"standard","meta":{"footnotes":""},"categories":[37],"tags":[],"class_list":["post-19984","post","type-post","status-publish","format-standard","has-post-thumbnail","hentry","category-nacional"],"_links":{"self":[{"href":"https:\/\/www.radioamigavallenar.cl\/index.php?rest_route=\/wp\/v2\/posts\/19984","targetHints":{"allow":["GET"]}}],"collection":[{"href":"https:\/\/www.radioamigavallenar.cl\/index.php?rest_route=\/wp\/v2\/posts"}],"about":[{"href":"https:\/\/www.radioamigavallenar.cl\/index.php?rest_route=\/wp\/v2\/types\/post"}],"author":[{"embeddable":true,"href":"https:\/\/www.radioamigavallenar.cl\/index.php?rest_route=\/wp\/v2\/users\/2"}],"replies":[{"embeddable":true,"href":"https:\/\/www.radioamigavallenar.cl\/index.php?rest_route=%2Fwp%2Fv2%2Fcomments&post=19984"}],"version-history":[{"count":0,"href":"https:\/\/www.radioamigavallenar.cl\/index.php?rest_route=\/wp\/v2\/posts\/19984\/revisions"}],"wp:featuredmedia":[{"embeddable":true,"href":"https:\/\/www.radioamigavallenar.cl\/index.php?rest_route=\/wp\/v2\/media\/19985"}],"wp:attachment":[{"href":"https:\/\/www.radioamigavallenar.cl\/index.php?rest_route=%2Fwp%2Fv2%2Fmedia&parent=19984"}],"wp:term":[{"taxonomy":"category","embeddable":true,"href":"https:\/\/www.radioamigavallenar.cl\/index.php?rest_route=%2Fwp%2Fv2%2Fcategories&post=19984"},{"taxonomy":"post_tag","embeddable":true,"href":"https:\/\/www.radioamigavallenar.cl\/index.php?rest_route=%2Fwp%2Fv2%2Ftags&post=19984"}],"curies":[{"name":"wp","href":"https:\/\/api.w.org\/{rel}","templated":true}]}}