{"id":19965,"date":"2020-01-15T00:00:00","date_gmt":"2020-01-15T03:00:00","guid":{"rendered":"https:\/\/www.radioamigavallenar.cl\/?p=19965"},"modified":"2020-01-14T22:08:20","modified_gmt":"2020-01-15T01:08:20","slug":"influenza-campana-de-vacunacion-2020-aumentara-dosis-y-grupos-de-cobertura","status":"publish","type":"post","link":"https:\/\/www.radioamigavallenar.cl\/?p=19965","title":{"rendered":"Influenza: Campa\u00f1a de vacunaci\u00f3n 2020 aumentar\u00e1 dosis y grupos de cobertura"},"content":{"rendered":"\n<div class=\"wp-block-image\"><figure class=\"aligncenter size-large\"><img loading=\"lazy\" decoding=\"async\" width=\"800\" height=\"400\" src=\"https:\/\/www.radioamigavallenar.cl\/wp-content\/uploads\/2020\/01\/VACUNAS.jpg\" alt=\"\" class=\"wp-image-19966\" srcset=\"https:\/\/www.radioamigavallenar.cl\/wp-content\/uploads\/2020\/01\/VACUNAS.jpg 800w, https:\/\/www.radioamigavallenar.cl\/wp-content\/uploads\/2020\/01\/VACUNAS-300x150.jpg 300w, https:\/\/www.radioamigavallenar.cl\/wp-content\/uploads\/2020\/01\/VACUNAS-768x384.jpg 768w\" sizes=\"auto, (max-width: 800px) 100vw, 800px\" \/><\/figure><\/div>\n\n\n\n<p>La subsecretaria de Salud,\u00a0Paula Daza, dio a conocer c\u00f3mo funcionar\u00e1 el plan de vacunaci\u00f3n contra la influenza este a\u00f1o 2020, el que tendr\u00e1 novedades en aumento de las coberturas y las dosis disponibles.<\/p>\n\n\n\n<p>Al grupo de beneficiados que ya exist\u00eda, se agreg\u00f3 el de\u00a0<strong>los ni\u00f1os de hasta 10 a\u00f1os, ya que antes s\u00f3lo se cubr\u00eda hasta los seis. As\u00ed tambi\u00e9n, se vacunar\u00e1 a\u00a0todas las embarazadas, independiente el periodo de gestaci\u00f3n en que se encuentren, y no s\u00f3lo a las que ten\u00edan 13 meses de gestaci\u00f3n, como antes. La Ampliaci\u00f3n se debe, seg\u00fan la subsecretaria, al cumplimiento de las recomendaciones que entreg\u00f3 la\u00a0Organizaci\u00f3n Mundial de la Salud.<\/strong><\/p>\n\n\n\n<p>Con esta ampliaci\u00f3n de grupos susceptibles a ser vacunados por el sistema p\u00fablico,\u00a01.286.163 ni\u00f1os entre primero y quinto b\u00e1sico ser\u00e1n vacunados en los colegios. A esto, se suman las m\u00e1s de\u00a080 mil mujeres embarazadas\u00a0que recibir\u00e1n la cobertura de inmunizaci\u00f3n contra la Influenza.<\/p>\n\n\n\n<p>\u00abComo hemos visto en el hemisferio norte, la influenza puede iniciarse precozmente. Por eso\u00a0queremos que toda la poblaci\u00f3n de riesgo est\u00e9n vacunadas no m\u00e1s all\u00e1 de abril, porque de esa forma podemos prevenir no s\u00f3lo una enfermedad grave, sino que adem\u00e1s es mortal\u00bb, se\u00f1al\u00f3 la subsecretaria de Salud.<\/p>\n\n\n\n<h2 class=\"wp-block-heading\">Dosis y fechas<\/h2>\n\n\n\n<p>El Ministerio de Salud anunci\u00f3 que en vista del aumento de la cobertura este 2020 se contar\u00e1 con\u00a06.800.000 dosis, las que tienen un costo que super\u00f3 los 16.109 millones de pesos.<\/p>\n\n\n\n<p>Se espera que durante\u00a0la primera quincena de marzo comience la vacunaci\u00f3n\u00a0en los distintos centros asistenciales de la red p\u00fablica a lo largo del pa\u00eds. En tanto, durante\u00a0 el mes de febrero se realizar\u00e1 la certificaci\u00f3n de las vacunas por Cenabast y la distribuci\u00f3n a nivel nacional.<\/p>\n\n\n\n<p>Es importante recordar que<strong>\u00a0<\/strong>las poblaciones prioritarias de ser vacunadas son los adultos mayores, ni\u00f1os, embarazadas, enfermos cr\u00f3nicos y personal de la salud.<\/p>\n","protected":false},"excerpt":{"rendered":"<p>La subsecretaria de Salud,\u00a0Paula Daza, dio a conocer c\u00f3mo funcionar\u00e1 el plan de vacunaci\u00f3n contra la influenza este a\u00f1o 2020, el que tendr\u00e1 novedades en&hellip; <\/p>\n","protected":false},"author":2,"featured_media":19966,"comment_status":"open","ping_status":"closed","sticky":false,"template":"","format":"standard","meta":{"footnotes":""},"categories":[37],"tags":[],"class_list":["post-19965","post","type-post","status-publish","format-standard","has-post-thumbnail","hentry","category-nacional"],"_links":{"self":[{"href":"https:\/\/www.radioamigavallenar.cl\/index.php?rest_route=\/wp\/v2\/posts\/19965","targetHints":{"allow":["GET"]}}],"collection":[{"href":"https:\/\/www.radioamigavallenar.cl\/index.php?rest_route=\/wp\/v2\/posts"}],"about":[{"href":"https:\/\/www.radioamigavallenar.cl\/index.php?rest_route=\/wp\/v2\/types\/post"}],"author":[{"embeddable":true,"href":"https:\/\/www.radioamigavallenar.cl\/index.php?rest_route=\/wp\/v2\/users\/2"}],"replies":[{"embeddable":true,"href":"https:\/\/www.radioamigavallenar.cl\/index.php?rest_route=%2Fwp%2Fv2%2Fcomments&post=19965"}],"version-history":[{"count":0,"href":"https:\/\/www.radioamigavallenar.cl\/index.php?rest_route=\/wp\/v2\/posts\/19965\/revisions"}],"wp:featuredmedia":[{"embeddable":true,"href":"https:\/\/www.radioamigavallenar.cl\/index.php?rest_route=\/wp\/v2\/media\/19966"}],"wp:attachment":[{"href":"https:\/\/www.radioamigavallenar.cl\/index.php?rest_route=%2Fwp%2Fv2%2Fmedia&parent=19965"}],"wp:term":[{"taxonomy":"category","embeddable":true,"href":"https:\/\/www.radioamigavallenar.cl\/index.php?rest_route=%2Fwp%2Fv2%2Fcategories&post=19965"},{"taxonomy":"post_tag","embeddable":true,"href":"https:\/\/www.radioamigavallenar.cl\/index.php?rest_route=%2Fwp%2Fv2%2Ftags&post=19965"}],"curies":[{"name":"wp","href":"https:\/\/api.w.org\/{rel}","templated":true}]}}