{"id":19939,"date":"2020-01-14T09:55:20","date_gmt":"2020-01-14T12:55:20","guid":{"rendered":"https:\/\/www.radioamigavallenar.cl\/?p=19939"},"modified":"2020-01-14T09:55:22","modified_gmt":"2020-01-14T12:55:22","slug":"codelco-presenta-querella-por-estafa-y-acusa-impacto-economico-por-mas-de-us-20-millones","status":"publish","type":"post","link":"https:\/\/www.radioamigavallenar.cl\/?p=19939","title":{"rendered":"Codelco presenta querella por estafa y acusa impacto econ\u00f3mico por m\u00e1s de US$ 20 millones"},"content":{"rendered":"\n<div class=\"wp-block-image\"><figure class=\"aligncenter size-large\"><img loading=\"lazy\" decoding=\"async\" width=\"850\" height=\"515\" src=\"https:\/\/www.radioamigavallenar.cl\/wp-content\/uploads\/2019\/09\/noticia33739_noticia32134-noticia31509-noticia15102-frontis-codelco-850.jpg\" alt=\"\" class=\"wp-image-16507\" srcset=\"https:\/\/www.radioamigavallenar.cl\/wp-content\/uploads\/2019\/09\/noticia33739_noticia32134-noticia31509-noticia15102-frontis-codelco-850.jpg 850w, https:\/\/www.radioamigavallenar.cl\/wp-content\/uploads\/2019\/09\/noticia33739_noticia32134-noticia31509-noticia15102-frontis-codelco-850-300x182.jpg 300w, https:\/\/www.radioamigavallenar.cl\/wp-content\/uploads\/2019\/09\/noticia33739_noticia32134-noticia31509-noticia15102-frontis-codelco-850-768x465.jpg 768w\" sizes=\"auto, (max-width: 850px) 100vw, 850px\" \/><\/figure><\/div>\n\n\n\n<p>Perjuicios ser\u00edan para la empresa y los propios trabajadores. La estatal expuso antecedentes que detallan irregularidades en torno al manejo de seguros de vida de los trabajadores de Chuqui y pidi\u00f3 citar a declarar a dirigentes sindicales y a ejecutivos de GyS y Chilena Consolidada.<\/p>\n\n\n\n<p>Al cierre de la jornada de ayer, Codelco present\u00f3 una querella contra quienes resulten responsables por el delito de estafa, asociado a la gesti\u00f3n de seguros de vida de los trabajadores de Chuquicamata y Radomiro Tomic.<\/p>\n\n\n\n<p>Se trata de una larga disputa de la empresa y los representantes de estos sindicatos, que escal\u00f3 durante la \u00faltima negociaci\u00f3n colectiva de 2019, cuando una de las condiciones que puso la estatal era retomar la administraci\u00f3n de estos beneficios, que fue lo que finalmente ocurri\u00f3.<\/p>\n\n\n\n<p>Seg\u00fan se detalla en el documento al que tuvo acceso \u201cEl Mercurio\u201d, las irregularidades est\u00e1n relacionadas con la detecci\u00f3n de sobreprecios \u201cinjustificados y fraudulentos\u201d que habr\u00edan pagado los trabajadores y Codelco, ya que el financiamiento de las p\u00f3lizas era compartido en partes iguales. Los sindicatos vinculados en la querella son el 1,2 y 3 de la divisi\u00f3n Chuquicamata y de la divisi\u00f3n Radomiro Tomic.<\/p>\n","protected":false},"excerpt":{"rendered":"<p>Perjuicios ser\u00edan para la empresa y los propios trabajadores. La estatal expuso antecedentes que detallan irregularidades en torno al manejo de seguros de vida de&hellip; <\/p>\n","protected":false},"author":2,"featured_media":16507,"comment_status":"open","ping_status":"closed","sticky":false,"template":"","format":"standard","meta":{"footnotes":""},"categories":[34,37],"tags":[],"class_list":["post-19939","post","type-post","status-publish","format-standard","has-post-thumbnail","hentry","category-mineria","category-nacional"],"_links":{"self":[{"href":"https:\/\/www.radioamigavallenar.cl\/index.php?rest_route=\/wp\/v2\/posts\/19939","targetHints":{"allow":["GET"]}}],"collection":[{"href":"https:\/\/www.radioamigavallenar.cl\/index.php?rest_route=\/wp\/v2\/posts"}],"about":[{"href":"https:\/\/www.radioamigavallenar.cl\/index.php?rest_route=\/wp\/v2\/types\/post"}],"author":[{"embeddable":true,"href":"https:\/\/www.radioamigavallenar.cl\/index.php?rest_route=\/wp\/v2\/users\/2"}],"replies":[{"embeddable":true,"href":"https:\/\/www.radioamigavallenar.cl\/index.php?rest_route=%2Fwp%2Fv2%2Fcomments&post=19939"}],"version-history":[{"count":0,"href":"https:\/\/www.radioamigavallenar.cl\/index.php?rest_route=\/wp\/v2\/posts\/19939\/revisions"}],"wp:featuredmedia":[{"embeddable":true,"href":"https:\/\/www.radioamigavallenar.cl\/index.php?rest_route=\/wp\/v2\/media\/16507"}],"wp:attachment":[{"href":"https:\/\/www.radioamigavallenar.cl\/index.php?rest_route=%2Fwp%2Fv2%2Fmedia&parent=19939"}],"wp:term":[{"taxonomy":"category","embeddable":true,"href":"https:\/\/www.radioamigavallenar.cl\/index.php?rest_route=%2Fwp%2Fv2%2Fcategories&post=19939"},{"taxonomy":"post_tag","embeddable":true,"href":"https:\/\/www.radioamigavallenar.cl\/index.php?rest_route=%2Fwp%2Fv2%2Ftags&post=19939"}],"curies":[{"name":"wp","href":"https:\/\/api.w.org\/{rel}","templated":true}]}}