{"id":19903,"date":"2020-01-14T00:00:00","date_gmt":"2020-01-14T03:00:00","guid":{"rendered":"https:\/\/www.radioamigavallenar.cl\/?p=19903"},"modified":"2020-01-13T21:53:21","modified_gmt":"2020-01-14T00:53:21","slug":"tia-rica-invita-a-participar-del-remate-de-vehiculos-y-especies-este-miercoles","status":"publish","type":"post","link":"https:\/\/www.radioamigavallenar.cl\/?p=19903","title":{"rendered":"\u201cTia Rica\u201d invita a participar del remate de veh\u00edculos y especies este mi\u00e9rcoles"},"content":{"rendered":"\n<div class=\"wp-block-image\"><figure class=\"aligncenter size-large\"><img loading=\"lazy\" decoding=\"async\" width=\"1024\" height=\"741\" src=\"https:\/\/www.radioamigavallenar.cl\/wp-content\/uploads\/2020\/01\/WhatsApp-Image-2020-01-13-at-15.14.35-1024x741.jpeg\" alt=\"\" class=\"wp-image-19904\" srcset=\"https:\/\/www.radioamigavallenar.cl\/wp-content\/uploads\/2020\/01\/WhatsApp-Image-2020-01-13-at-15.14.35-1024x741.jpeg 1024w, https:\/\/www.radioamigavallenar.cl\/wp-content\/uploads\/2020\/01\/WhatsApp-Image-2020-01-13-at-15.14.35-300x217.jpeg 300w, https:\/\/www.radioamigavallenar.cl\/wp-content\/uploads\/2020\/01\/WhatsApp-Image-2020-01-13-at-15.14.35-768x556.jpeg 768w, https:\/\/www.radioamigavallenar.cl\/wp-content\/uploads\/2020\/01\/WhatsApp-Image-2020-01-13-at-15.14.35.jpeg 1280w\" sizes=\"auto, (max-width: 1024px) 100vw, 1024px\" \/><\/figure><\/div>\n\n\n\n<p>Este es el primer remate del a\u00f1o que la Direcci\u00f3n de Cr\u00e9dito Prendario realiza en la regi\u00f3n y los veh\u00edculos parten la purga desde los 200 mil pesos<\/p>\n\n\n\n<p>En esta oportunidad, la Direcci\u00f3n de Cr\u00e9dito Prendario (Dicrep) rematar\u00e1 20 veh\u00edculos los que se encuentran prendados por baja fiscal o por haber sido incautado por el Ministerio P\u00fablico por diversos delitos cometidos por sus propietarios.<\/p>\n\n\n\n<p>El Secretario Regional Ministerial del Trabajo y Previsi\u00f3n Social hizo el llamado a \u201ctodos quienes quieran invertir en un veh\u00edculo o especie, ac\u00e9rquense a la T\u00eda Rica, para que coticen y puedan adquirir aquello que necesitan. Los precios de las posturas m\u00ednimas son muy accesibles y, la Dicrep fiel a su compromiso de ser un servicio que va en apoyo del bolsillo todos nosotros, estos \u00faltimos meses, ha reducido a\u00fan m\u00e1s las posturas.\u201d<\/p>\n\n\n\n<p>Asimismo, lo recalc\u00f3 el Administrador regional de la Dicrep, Nibaldo Rojas \u201cllamamos a todos quieren quieran participar de este remate a hacerlo, los precios de las posturas m\u00ednimas parten en los $200.000. Este es un remate fiscal\/judicial, por lo que, son veh\u00edculos que est\u00e1n buenos, funcionando bien, en su mayor\u00eda.\u201d<\/p>\n\n\n\n<p>El remate se efectuar\u00e1 en las dependencias de la oficina regional de la \u201cT\u00eda Rica\u201d, ubicada en Atacama #443, subterr\u00e1neo.<\/p>\n\n\n\n<p>Cabe destacar que, los veh\u00edculos estar\u00e1n disponible para ser visitados por sus posibles compradores el d\u00eda martes 14 de enero en las diversas instituciones que se encuentran ubicados, como la fiscal\u00eda de Cha\u00f1aral y Diego de Almagro, las Municipalidades de Copiap\u00f3, Servicio de Salud de Atacama y la Direcci\u00f3n regional del Trabajo. Puede revisar que autom\u00f3vil se ofrece cada organismo en www.dicrep.cl .<\/p>\n\n\n\n<p>Por otra parte, se informa que el siguiente remate de veh\u00edculos y especies est\u00e1 programado para el mes de marzo.<\/p>\n","protected":false},"excerpt":{"rendered":"<p>Este es el primer remate del a\u00f1o que la Direcci\u00f3n de Cr\u00e9dito Prendario realiza en la regi\u00f3n y los veh\u00edculos parten la purga desde los&hellip; <\/p>\n","protected":false},"author":2,"featured_media":19904,"comment_status":"open","ping_status":"closed","sticky":false,"template":"","format":"standard","meta":{"footnotes":""},"categories":[7],"tags":[],"class_list":["post-19903","post","type-post","status-publish","format-standard","has-post-thumbnail","hentry","category-atacama"],"_links":{"self":[{"href":"https:\/\/www.radioamigavallenar.cl\/index.php?rest_route=\/wp\/v2\/posts\/19903","targetHints":{"allow":["GET"]}}],"collection":[{"href":"https:\/\/www.radioamigavallenar.cl\/index.php?rest_route=\/wp\/v2\/posts"}],"about":[{"href":"https:\/\/www.radioamigavallenar.cl\/index.php?rest_route=\/wp\/v2\/types\/post"}],"author":[{"embeddable":true,"href":"https:\/\/www.radioamigavallenar.cl\/index.php?rest_route=\/wp\/v2\/users\/2"}],"replies":[{"embeddable":true,"href":"https:\/\/www.radioamigavallenar.cl\/index.php?rest_route=%2Fwp%2Fv2%2Fcomments&post=19903"}],"version-history":[{"count":0,"href":"https:\/\/www.radioamigavallenar.cl\/index.php?rest_route=\/wp\/v2\/posts\/19903\/revisions"}],"wp:featuredmedia":[{"embeddable":true,"href":"https:\/\/www.radioamigavallenar.cl\/index.php?rest_route=\/wp\/v2\/media\/19904"}],"wp:attachment":[{"href":"https:\/\/www.radioamigavallenar.cl\/index.php?rest_route=%2Fwp%2Fv2%2Fmedia&parent=19903"}],"wp:term":[{"taxonomy":"category","embeddable":true,"href":"https:\/\/www.radioamigavallenar.cl\/index.php?rest_route=%2Fwp%2Fv2%2Fcategories&post=19903"},{"taxonomy":"post_tag","embeddable":true,"href":"https:\/\/www.radioamigavallenar.cl\/index.php?rest_route=%2Fwp%2Fv2%2Ftags&post=19903"}],"curies":[{"name":"wp","href":"https:\/\/api.w.org\/{rel}","templated":true}]}}