{"id":19893,"date":"2020-01-13T12:18:35","date_gmt":"2020-01-13T15:18:35","guid":{"rendered":"https:\/\/www.radioamigavallenar.cl\/?p=19893"},"modified":"2020-01-13T12:18:36","modified_gmt":"2020-01-13T15:18:36","slug":"cadem-63-por-ciento-no-esta-de-acuerdo-con-manifestaciones-que-interrumpieron-la-psu","status":"publish","type":"post","link":"https:\/\/www.radioamigavallenar.cl\/?p=19893","title":{"rendered":"Cadem: 63 por ciento no est\u00e1 de acuerdo con manifestaciones que interrumpieron la PSU"},"content":{"rendered":"\n<div class=\"wp-block-image\"><figure class=\"aligncenter size-large\"><img loading=\"lazy\" decoding=\"async\" width=\"940\" height=\"585\" src=\"https:\/\/www.radioamigavallenar.cl\/wp-content\/uploads\/2020\/01\/psu-4.jpg\" alt=\"\" class=\"wp-image-19894\" srcset=\"https:\/\/www.radioamigavallenar.cl\/wp-content\/uploads\/2020\/01\/psu-4.jpg 940w, https:\/\/www.radioamigavallenar.cl\/wp-content\/uploads\/2020\/01\/psu-4-300x187.jpg 300w, https:\/\/www.radioamigavallenar.cl\/wp-content\/uploads\/2020\/01\/psu-4-768x478.jpg 768w\" sizes=\"auto, (max-width: 940px) 100vw, 940px\" \/><\/figure><\/div>\n\n\n\n<p>Seg\u00fan los encuestados, los \u00fanicos perjudicados con el \u00abboicot\u00bb a la prueba de admisi\u00f3n son los mismos estudiantes.<\/p>\n\n\n\n<p>Este lunes se public\u00f3 una nueva encuesta<strong>\u00a0<\/strong>Plaza P\u00fablica de Cadem,\u00a0la que revel\u00f3 que\u00a0el 63% de las personas no est\u00e1 de acuerdo con las manifestaciones que obligaron a cancelar la Prueba de Selecci\u00f3n Universitaria\u00a0en algunos centros de rendici\u00f3n.<\/p>\n\n\n\n<p>El sondeo hizo un an\u00e1lisis de la situaci\u00f3n, demostrando que el descontento por lo ocurrido es generalizado.<\/p>\n\n\n\n<p>El 35%, en tanto, se mostr\u00f3 de acuerdo con esta forma de protesta.<\/p>\n\n\n\n<p>Frente a la pregunta de \u00abqui\u00e9n es el m\u00e1s perjudicado\u00bb por no haberse podido rendir la PSU, el 65% dijo creer que son los mismos estudiantes.<\/p>\n\n\n\n<p>En cuanto a la percepci\u00f3n de la crisis actual,\u00a0el 76% cree que es la \u00abexpresi\u00f3n de un descontento social generalizad<strong>o<\/strong>\u00ab, mientras que un 17% dice que es \u00abun problema de orden p\u00fablico y de grupos violentistas organizados\u00bb.<\/p>\n\n\n\n<p>Adem\u00e1s se consult\u00f3 sobre la continuidad de las movilizaciones, donde un 62% dijo estar de acuerdo con que contin\u00faen, dos puntos porcentuales m\u00e1s bajo en comparaci\u00f3n con la medici\u00f3n anterior.<\/p>\n\n\n\n<p>Finalmente se analiz\u00f3 la tendencia sobre el plebiscito para la nueva Constituci\u00f3n, revelando que un<strong>\u00a0<\/strong>74% aprueba la consulta<strong>,\u00a0<\/strong>un 54% cree que se debe hacer una nueva carta fundamental desde cero y un 84% dice que debe ser a trav\u00e9s de una convenci\u00f3n constituyente especialmente creada para estos efectos.<\/p>\n","protected":false},"excerpt":{"rendered":"<p>Seg\u00fan los encuestados, los \u00fanicos perjudicados con el \u00abboicot\u00bb a la prueba de admisi\u00f3n son los mismos estudiantes. Este lunes se public\u00f3 una nueva encuesta\u00a0Plaza&hellip; <\/p>\n","protected":false},"author":2,"featured_media":19894,"comment_status":"open","ping_status":"closed","sticky":false,"template":"","format":"standard","meta":{"footnotes":""},"categories":[37],"tags":[],"class_list":["post-19893","post","type-post","status-publish","format-standard","has-post-thumbnail","hentry","category-nacional"],"_links":{"self":[{"href":"https:\/\/www.radioamigavallenar.cl\/index.php?rest_route=\/wp\/v2\/posts\/19893","targetHints":{"allow":["GET"]}}],"collection":[{"href":"https:\/\/www.radioamigavallenar.cl\/index.php?rest_route=\/wp\/v2\/posts"}],"about":[{"href":"https:\/\/www.radioamigavallenar.cl\/index.php?rest_route=\/wp\/v2\/types\/post"}],"author":[{"embeddable":true,"href":"https:\/\/www.radioamigavallenar.cl\/index.php?rest_route=\/wp\/v2\/users\/2"}],"replies":[{"embeddable":true,"href":"https:\/\/www.radioamigavallenar.cl\/index.php?rest_route=%2Fwp%2Fv2%2Fcomments&post=19893"}],"version-history":[{"count":0,"href":"https:\/\/www.radioamigavallenar.cl\/index.php?rest_route=\/wp\/v2\/posts\/19893\/revisions"}],"wp:featuredmedia":[{"embeddable":true,"href":"https:\/\/www.radioamigavallenar.cl\/index.php?rest_route=\/wp\/v2\/media\/19894"}],"wp:attachment":[{"href":"https:\/\/www.radioamigavallenar.cl\/index.php?rest_route=%2Fwp%2Fv2%2Fmedia&parent=19893"}],"wp:term":[{"taxonomy":"category","embeddable":true,"href":"https:\/\/www.radioamigavallenar.cl\/index.php?rest_route=%2Fwp%2Fv2%2Fcategories&post=19893"},{"taxonomy":"post_tag","embeddable":true,"href":"https:\/\/www.radioamigavallenar.cl\/index.php?rest_route=%2Fwp%2Fv2%2Ftags&post=19893"}],"curies":[{"name":"wp","href":"https:\/\/api.w.org\/{rel}","templated":true}]}}