{"id":19884,"date":"2020-01-13T11:23:53","date_gmt":"2020-01-13T14:23:53","guid":{"rendered":"https:\/\/www.radioamigavallenar.cl\/?p=19884"},"modified":"2020-01-13T11:23:54","modified_gmt":"2020-01-13T14:23:54","slug":"planes-de-mujeres-en-isapres-subieron-34-por-ciento-pese-a-circular-que-buscaba-lo-contrario","status":"publish","type":"post","link":"https:\/\/www.radioamigavallenar.cl\/?p=19884","title":{"rendered":"Planes de mujeres en isapres subieron 3,4 por ciento, pese a circular que buscaba lo contrario"},"content":{"rendered":"\n<figure class=\"wp-block-image size-large\"><img loading=\"lazy\" decoding=\"async\" width=\"1024\" height=\"576\" src=\"https:\/\/www.radioamigavallenar.cl\/wp-content\/uploads\/2020\/01\/foto_0000000120200113072231-1024x576.jpg\" alt=\"\" class=\"wp-image-19885\" srcset=\"https:\/\/www.radioamigavallenar.cl\/wp-content\/uploads\/2020\/01\/foto_0000000120200113072231-1024x576.jpg 1024w, https:\/\/www.radioamigavallenar.cl\/wp-content\/uploads\/2020\/01\/foto_0000000120200113072231-300x169.jpg 300w, https:\/\/www.radioamigavallenar.cl\/wp-content\/uploads\/2020\/01\/foto_0000000120200113072231-768x432.jpg 768w, https:\/\/www.radioamigavallenar.cl\/wp-content\/uploads\/2020\/01\/foto_0000000120200113072231.jpg 1130w\" sizes=\"auto, (max-width: 1024px) 100vw, 1024px\" \/><\/figure>\n\n\n\n<p>An\u00e1lisis realizado por la consultora QuePlan.cl determin\u00f3, adem\u00e1s, que precios para hombres bajaron un 2,3 por ciento.<\/p>\n\n\n\n<p>La medida que prohibi\u00f3 contratos \u00absin \u00fatero\u00bb comenz\u00f3 a regir el 1 de diciembre y buscaba reducir la discriminaci\u00f3n en el sistema privado de salud<\/p>\n\n\n\n<p>Un an\u00e1lisis realizado por la consultora\u00a0QuePlan.cl\u00a0determin\u00f3 que\u00a0los precios de los planes de mujeres entre 25 y 45 a\u00f1os en las Isapres subieron un 3,4 por ciento\u00a0tras la\u00a0<a rel=\"noreferrer noopener\" href=\"https:\/\/www.cooperativa.cl\/noticias\/pais\/salud\/isapre\/desde-diciembre-las-isapres-ya-no-podran-vender-planes-sin-utero\/2019-09-16\/163258.html\" target=\"_blank\">circular que prohibi\u00f3 contratos \u00absin \u00fatero\u00bb<\/a>, mientras que\u00a0para hombres bajaron un 2,3 por ciento.<\/p>\n\n\n\n<p>La medida comenz\u00f3 a regir el 1 de diciembre y\u00a0buscaba reducir la discriminaci\u00f3n contra las mujeres\u00a0en el sistema privado de salud, luego de que se conociera que pagan hasta un 179 por ciento, sin embargo, estar\u00eda teniendo el efecto contrario.<\/p>\n\n\n\n<p>El documento, citado este lunes por\u00a0<em>La Tercera<\/em>, evidenci\u00f3 que\u00a0en el caso de las mujeres de 30 a\u00f1os,\u00a0el alza es a\u00fan m\u00e1s extrema,\u00a0pues lleg\u00f3 a un 5,3 por ciento,\u00a0y para aquellas que no buscan cobertura materna<strong>l<\/strong>, ya que ahora tienen precios un 11,4 por ciento m\u00e1s caros.<\/p>\n\n\n\n<p>Florencia Maira, autora del estudio y jefa de operaciones de QuePlan.cl, detall\u00f3 al matutino que \u00abesto era esperabl<strong>e<\/strong>, en el sentido de que ante mayor incertidumbre por parte del asegurador, las primas fueran m\u00e1s altas. Eso, porque \u00e9ste no puede saber si alguien usar\u00e1 o no la cobertura maternal, quedando las primas en un promedio m\u00e1s alto que si se pudiese diferenciar\u00bb.<\/p>\n\n\n\n<p><em><strong>Gobierno estima que es \u00abapresurado\u00bb sacar conclusiones<\/strong><\/em><\/p>\n\n\n\n<p>En el Gobierno, el superintendente de Salud,\u00a0Patricio Fern\u00e1ndez, explic\u00f3 que la circular busc\u00f3 \u00abterminar con esta situaci\u00f3n en que se establec\u00eda el parto como una condici\u00f3n discriminadora en cuanto a cobertura\u00bb y que\u00a0es muy\u00a0\u00abapresurado\u00bb\u00a0sacar conclusiones sobre su impacto en los precio<strong>s<\/strong>, ya que la medida comenz\u00f3 a regir hace poco m\u00e1s de un mes.<\/p>\n\n\n\n<p>La autoridad a\u00f1adi\u00f3 que\u00a0este a\u00f1o se aplicar\u00e1 un IPC de la salud\u00a0para referenciar los reajustes de precios a los planes y que\u00a0en tres meses m\u00e1s entrar\u00e1 en vigencia otra circular que abordar\u00e1 la discriminaci\u00f3n por g\u00e9nero\u00a0en el sistema de Isapres y prohibir\u00e1 asignar factores de riesgo diferentes a hombres y mujeres.<\/p>\n\n\n\n<p>A juicio de Fern\u00e1ndez, \u00abel precio va de la mano con la tabla de factores, y la nueva tabla de factores, sin discriminaci\u00f3n de g\u00e9nero, parte el 1 de abril. Con eso, unido al IPC de la salud,\u00a0vamos a tener herramientas concretas que van a permitir controlar los reajustes y los precios\u00bb.<br><\/p>\n","protected":false},"excerpt":{"rendered":"<p>An\u00e1lisis realizado por la consultora QuePlan.cl determin\u00f3, adem\u00e1s, que precios para hombres bajaron un 2,3 por ciento. La medida que prohibi\u00f3 contratos \u00absin \u00fatero\u00bb comenz\u00f3&hellip; <\/p>\n","protected":false},"author":2,"featured_media":19885,"comment_status":"open","ping_status":"closed","sticky":false,"template":"","format":"standard","meta":{"footnotes":""},"categories":[37],"tags":[],"class_list":["post-19884","post","type-post","status-publish","format-standard","has-post-thumbnail","hentry","category-nacional"],"_links":{"self":[{"href":"https:\/\/www.radioamigavallenar.cl\/index.php?rest_route=\/wp\/v2\/posts\/19884","targetHints":{"allow":["GET"]}}],"collection":[{"href":"https:\/\/www.radioamigavallenar.cl\/index.php?rest_route=\/wp\/v2\/posts"}],"about":[{"href":"https:\/\/www.radioamigavallenar.cl\/index.php?rest_route=\/wp\/v2\/types\/post"}],"author":[{"embeddable":true,"href":"https:\/\/www.radioamigavallenar.cl\/index.php?rest_route=\/wp\/v2\/users\/2"}],"replies":[{"embeddable":true,"href":"https:\/\/www.radioamigavallenar.cl\/index.php?rest_route=%2Fwp%2Fv2%2Fcomments&post=19884"}],"version-history":[{"count":0,"href":"https:\/\/www.radioamigavallenar.cl\/index.php?rest_route=\/wp\/v2\/posts\/19884\/revisions"}],"wp:featuredmedia":[{"embeddable":true,"href":"https:\/\/www.radioamigavallenar.cl\/index.php?rest_route=\/wp\/v2\/media\/19885"}],"wp:attachment":[{"href":"https:\/\/www.radioamigavallenar.cl\/index.php?rest_route=%2Fwp%2Fv2%2Fmedia&parent=19884"}],"wp:term":[{"taxonomy":"category","embeddable":true,"href":"https:\/\/www.radioamigavallenar.cl\/index.php?rest_route=%2Fwp%2Fv2%2Fcategories&post=19884"},{"taxonomy":"post_tag","embeddable":true,"href":"https:\/\/www.radioamigavallenar.cl\/index.php?rest_route=%2Fwp%2Fv2%2Ftags&post=19884"}],"curies":[{"name":"wp","href":"https:\/\/api.w.org\/{rel}","templated":true}]}}