{"id":19881,"date":"2020-01-13T11:13:16","date_gmt":"2020-01-13T14:13:16","guid":{"rendered":"https:\/\/www.radioamigavallenar.cl\/?p=19881"},"modified":"2020-01-13T11:13:17","modified_gmt":"2020-01-13T14:13:17","slug":"fatal-atropello-ocurrido-la-madrugada-de-este-lunes-en-tierra-amarilla","status":"publish","type":"post","link":"https:\/\/www.radioamigavallenar.cl\/?p=19881","title":{"rendered":"Fatal atropello ocurrido la madrugada de este lunes en Tierra Amarilla"},"content":{"rendered":"\n<figure class=\"wp-block-image size-large\"><img loading=\"lazy\" decoding=\"async\" width=\"1024\" height=\"683\" src=\"https:\/\/www.radioamigavallenar.cl\/wp-content\/uploads\/2020\/01\/ATROPELLO-TAMARILLA-1024x683-1.jpg\" alt=\"\" class=\"wp-image-19882\" srcset=\"https:\/\/www.radioamigavallenar.cl\/wp-content\/uploads\/2020\/01\/ATROPELLO-TAMARILLA-1024x683-1.jpg 1024w, https:\/\/www.radioamigavallenar.cl\/wp-content\/uploads\/2020\/01\/ATROPELLO-TAMARILLA-1024x683-1-300x200.jpg 300w, https:\/\/www.radioamigavallenar.cl\/wp-content\/uploads\/2020\/01\/ATROPELLO-TAMARILLA-1024x683-1-768x512.jpg 768w\" sizes=\"auto, (max-width: 1024px) 100vw, 1024px\" \/><\/figure>\n\n\n\n<p><strong><em>Fiscal de turno en Copiap\u00f3, Sebasti\u00e1n Coya, se constituy\u00f3 en el sitio del suceso y orden\u00f3 el trabajo de la Siat y Labocar de Carabineros.<\/em><\/strong><\/p>\n\n\n\n<p>La Fiscal\u00eda de Atacama comenz\u00f3, la madrugada de este lunes, a indagar las causas de un atropello con consecuencias fatales que tuvo lugar en la comuna de Tierra Amarilla.<\/p>\n\n\n\n<p>De acuerdo a los antecedentes preliminares de este hecho, entregados por el fiscal de turno en Copiap\u00f3, Sebasti\u00e1n Coya Gonz\u00e1lez, pasada la medianoche de hoy, un veh\u00edculo particular que circulaba por la ruta C-35 en el sector de Nantoco impact\u00f3 a un peat\u00f3n que caminaba por el lugar. V\u00edctima que, debido a las graves lesiones sufridas por el impacto del veh\u00edculo, perdi\u00f3 la vida en el mismo lugar del accidente.<\/p>\n\n\n\n<p>Hasta el mencionado sector lleg\u00f3 el fiscal Coya Gonz\u00e1lez, quien orden\u00f3 el trabajo de peritos de la Secci\u00f3n de Investigaci\u00f3n de Accidentes de Tr\u00e1nsito de Carabineros, quienes comenzaron a realizar las indagatorias necesarias para establecer la din\u00e1mica del fatal atropello. De forma paralela, el persecutor solicit\u00f3 tareas de identificaci\u00f3n a personal de Labocar, con la finalidad de establecer la identidad del fallecido. Esto porque de acuerdo a versiones recogidas en el lugar, se tratar\u00eda de un joven de nacionalidad boliviana de 22 a\u00f1os que habr\u00eda llegado al pa\u00eds con objetivos laborales. Cuesti\u00f3n que deber\u00e1 ser confirmada para proceder con la repatriaci\u00f3n del cuerpo a su pa\u00eds de origen.<\/p>\n\n\n\n<p>Respecto del conductor del veh\u00edculo involucrado, el fiscal mencion\u00f3 que la investigaci\u00f3n ser\u00e1 la encargada de establecer su responsabilidad en estos hechos. Ordenando por ahora su detenci\u00f3n para ser presentado durante la ma\u00f1ana de este lunes a audiencia de control de detenci\u00f3n y formalizaci\u00f3n de los hechos por los que ser\u00e1 investigado. Siendo sometido al respectivo examen de alcoholemia.<\/p>\n","protected":false},"excerpt":{"rendered":"<p>Fiscal de turno en Copiap\u00f3, Sebasti\u00e1n Coya, se constituy\u00f3 en el sitio del suceso y orden\u00f3 el trabajo de la Siat y Labocar de Carabineros.&hellip; <\/p>\n","protected":false},"author":2,"featured_media":19882,"comment_status":"open","ping_status":"closed","sticky":false,"template":"","format":"standard","meta":{"footnotes":""},"categories":[7,6],"tags":[],"class_list":["post-19881","post","type-post","status-publish","format-standard","has-post-thumbnail","hentry","category-atacama","category-policial"],"_links":{"self":[{"href":"https:\/\/www.radioamigavallenar.cl\/index.php?rest_route=\/wp\/v2\/posts\/19881","targetHints":{"allow":["GET"]}}],"collection":[{"href":"https:\/\/www.radioamigavallenar.cl\/index.php?rest_route=\/wp\/v2\/posts"}],"about":[{"href":"https:\/\/www.radioamigavallenar.cl\/index.php?rest_route=\/wp\/v2\/types\/post"}],"author":[{"embeddable":true,"href":"https:\/\/www.radioamigavallenar.cl\/index.php?rest_route=\/wp\/v2\/users\/2"}],"replies":[{"embeddable":true,"href":"https:\/\/www.radioamigavallenar.cl\/index.php?rest_route=%2Fwp%2Fv2%2Fcomments&post=19881"}],"version-history":[{"count":0,"href":"https:\/\/www.radioamigavallenar.cl\/index.php?rest_route=\/wp\/v2\/posts\/19881\/revisions"}],"wp:featuredmedia":[{"embeddable":true,"href":"https:\/\/www.radioamigavallenar.cl\/index.php?rest_route=\/wp\/v2\/media\/19882"}],"wp:attachment":[{"href":"https:\/\/www.radioamigavallenar.cl\/index.php?rest_route=%2Fwp%2Fv2%2Fmedia&parent=19881"}],"wp:term":[{"taxonomy":"category","embeddable":true,"href":"https:\/\/www.radioamigavallenar.cl\/index.php?rest_route=%2Fwp%2Fv2%2Fcategories&post=19881"},{"taxonomy":"post_tag","embeddable":true,"href":"https:\/\/www.radioamigavallenar.cl\/index.php?rest_route=%2Fwp%2Fv2%2Ftags&post=19881"}],"curies":[{"name":"wp","href":"https:\/\/api.w.org\/{rel}","templated":true}]}}