{"id":19875,"date":"2020-01-13T10:41:04","date_gmt":"2020-01-13T13:41:04","guid":{"rendered":"https:\/\/www.radioamigavallenar.cl\/?p=19875"},"modified":"2020-01-13T10:41:06","modified_gmt":"2020-01-13T13:41:06","slug":"litio-sobreoferta-e-incertidumbre-a-nivel-mundial-mantendra-precios-a-la-baja-en-2020","status":"publish","type":"post","link":"https:\/\/www.radioamigavallenar.cl\/?p=19875","title":{"rendered":"Litio: sobreoferta e incertidumbre a nivel mundial mantendr\u00e1 precios a la baja en 2020"},"content":{"rendered":"\n<figure class=\"wp-block-image size-large\"><img loading=\"lazy\" decoding=\"async\" width=\"600\" height=\"450\" src=\"https:\/\/www.radioamigavallenar.cl\/wp-content\/uploads\/2020\/01\/litio0000.jpg\" alt=\"\" class=\"wp-image-19876\" srcset=\"https:\/\/www.radioamigavallenar.cl\/wp-content\/uploads\/2020\/01\/litio0000.jpg 600w, https:\/\/www.radioamigavallenar.cl\/wp-content\/uploads\/2020\/01\/litio0000-300x225.jpg 300w\" sizes=\"auto, (max-width: 600px) 100vw, 600px\" \/><\/figure>\n\n\n\n<p>El panorama para invertir en la industria del litio en Chile tambi\u00e9n ser\u00e1 incierto. Seg\u00fan expertos, el estallido social podr\u00eda provocar consecuencias, pero que m\u00e1s all\u00e1 de la coyuntura, el marco regulatorio ha restringido la participaci\u00f3n privada en el sector debido a la falta de definiciones legislativas<\/p>\n\n\n\n<p><strong>(Pulso)&nbsp;&nbsp;<\/strong>El mercado del litio se ha expandido con fuerza en los \u00faltimos a\u00f1os, alcanzado un crecimiento anual promedio por sobre el 10%, marcado por el incremento del mercado de la electromovilidad. Sin embargo, el precio del carbonato del litio -compuesto de litio que m\u00e1s se produce y comercializa- ha estado perdiendo fuerza y en 2019 cerr\u00f3 en US$10.500 la tonelada, debido a una sobreoferta. Este a\u00f1o la tendencia seguir\u00e1 siendo la misma, pues expertos esperan que el precio est\u00e9 en un rango de US$8.000 y US$10.000 la tonelada.<\/p>\n\n\n\n<p>\u201cDesde fines del 2018 y durante todo el 2019, el precio del carbonato del litio, ha estado sujeto a una fuerte correcci\u00f3n a consecuencia de la agresiva expansi\u00f3n de la oferta, especialmente explicada por expansiones en Australia, China y, en menor medida, Argentina. Esta correcci\u00f3n debiese estabilizarse en los US$10.000 por tonelada para el 2020\u201d, asegur\u00f3 el director ejecutivo de Plusmining, Juan Carlos Guajardo.<\/p>\n\n\n\n<p>\u00bfLa raz\u00f3n? La tendencia a la baja se ha debido principalmente por la entrada en operaci\u00f3n de nuevos proyectos y expansi\u00f3n de otros, lo que ha llevado a una mayor producci\u00f3n, especialmente en Australia. Lo anterior ha generado perspectiva de super\u00e1vit de oferta para los pr\u00f3ximos a\u00f1os, sostuvo el Ministro de Miner\u00eda, Baldo Prokurica.<\/p>\n\n\n\n<p>Otro factor relevante es la desaceleraci\u00f3n de la econom\u00eda china, la que ha inducido a menores expectativas de crecimiento de ventas de autos el\u00e9ctricos. A esto se le suma que \u201cla progresiva reducci\u00f3n de subsidios a los autos el\u00e9ctricos en China, ha inducido un menor crecimiento en las ventas y, consecuentemente, a una menor demanda de litio\u201d, agreg\u00f3 Prokurica.<\/p>\n\n\n\n<p>As\u00ed, la gerenta general de SignumBOX, Daniela Desormeaux, se\u00f1al\u00f3 que lo que se ha visto ha sido un ajuste del mercado, ya que entre 2014 y 2018 el precio del carbonato de litio aument\u00f3 en 138%. \u201cEsta mayor oferta, con una demanda que sigue creciendo, pero que ha mostrado cierta cuota de incertidumbre, ha llevado a que los precios de los principales compuestos de litio bajen\u201d.<\/p>\n\n\n\n<p>La sobreoferta ya ha tra\u00eddo efectos, que se ha visto reflejado en la postergaci\u00f3n de nuevos proyectos. Durante 2019, productores como Albermarle y SQM anunciaron planes de revisi\u00f3n de proyectos de expansi\u00f3n. En China -principal consumidor de litio- varios proyectos han sido suspendidos, atrasados o ralentizados como el caso de Zhabuye Expansi\u00f3n, Cuola, Ma\u2019erkang Dangba.<\/p>\n\n\n\n<h3 class=\"has-text-align-center wp-block-heading\"><strong>Mercado chileno<\/strong><\/h3>\n\n\n\n<p>El estallido social dej\u00f3 a Chile en otro escenario econ\u00f3mico, por lo que las inversiones de la industria del litio podr\u00edan verse ralentizadas, coincidieron expertos. Sin embargo, el ministro de Miner\u00eda asegur\u00f3 que \u201cse est\u00e1 generando un auge de veh\u00edculos el\u00e9ctricos lo que ha llevado a proyectar una alta demanda del mineral en el futuro. Independiente de la coyuntura de precios, la demanda de litio se va a mantener por los pr\u00f3ximos a\u00f1os de manera importante\u201d. En esa misma l\u00ednea, Daniela Desormeaux fue positiva, asegurando que \u201cla industria del litio a\u00fan tiene mucho potencial para crecer por la electromovilidad. En un escenario conservador, estamos proyectando un crecimiento promedio de la demanda global por compuestos de litio en torno al 12% por a\u00f1o durante los pr\u00f3ximos 10 a\u00f1os\u201d.<\/p>\n\n\n\n<p>En tanto, el director ejecutivo de Plusmining se\u00f1al\u00f3 que el contexto nacional actual es de bastante complejidad e incertidumbre. Esto, por la coyuntura, como consecuencia de la crisis sociopol\u00edtica que se vive en el pa\u00eds. Segundo, por el marco regulatorio para la industria del litio hist\u00f3ricamente ha restringido la participaci\u00f3n privada en el sector como consecuencia de la falta de definiciones legislativas. Se est\u00e1 a la espera de se\u00f1ales de cambio que alienten m\u00e1s inversi\u00f3n. Por \u00faltimo, est\u00e1 el tema regulatorio, especialmente del estr\u00e9s h\u00eddrico\u201d, indic\u00f3.<\/p>\n","protected":false},"excerpt":{"rendered":"<p>El panorama para invertir en la industria del litio en Chile tambi\u00e9n ser\u00e1 incierto. Seg\u00fan expertos, el estallido social podr\u00eda provocar consecuencias, pero que m\u00e1s&hellip; <\/p>\n","protected":false},"author":2,"featured_media":19876,"comment_status":"open","ping_status":"closed","sticky":false,"template":"","format":"standard","meta":{"footnotes":""},"categories":[34,37],"tags":[],"class_list":["post-19875","post","type-post","status-publish","format-standard","has-post-thumbnail","hentry","category-mineria","category-nacional"],"_links":{"self":[{"href":"https:\/\/www.radioamigavallenar.cl\/index.php?rest_route=\/wp\/v2\/posts\/19875","targetHints":{"allow":["GET"]}}],"collection":[{"href":"https:\/\/www.radioamigavallenar.cl\/index.php?rest_route=\/wp\/v2\/posts"}],"about":[{"href":"https:\/\/www.radioamigavallenar.cl\/index.php?rest_route=\/wp\/v2\/types\/post"}],"author":[{"embeddable":true,"href":"https:\/\/www.radioamigavallenar.cl\/index.php?rest_route=\/wp\/v2\/users\/2"}],"replies":[{"embeddable":true,"href":"https:\/\/www.radioamigavallenar.cl\/index.php?rest_route=%2Fwp%2Fv2%2Fcomments&post=19875"}],"version-history":[{"count":0,"href":"https:\/\/www.radioamigavallenar.cl\/index.php?rest_route=\/wp\/v2\/posts\/19875\/revisions"}],"wp:featuredmedia":[{"embeddable":true,"href":"https:\/\/www.radioamigavallenar.cl\/index.php?rest_route=\/wp\/v2\/media\/19876"}],"wp:attachment":[{"href":"https:\/\/www.radioamigavallenar.cl\/index.php?rest_route=%2Fwp%2Fv2%2Fmedia&parent=19875"}],"wp:term":[{"taxonomy":"category","embeddable":true,"href":"https:\/\/www.radioamigavallenar.cl\/index.php?rest_route=%2Fwp%2Fv2%2Fcategories&post=19875"},{"taxonomy":"post_tag","embeddable":true,"href":"https:\/\/www.radioamigavallenar.cl\/index.php?rest_route=%2Fwp%2Fv2%2Ftags&post=19875"}],"curies":[{"name":"wp","href":"https:\/\/api.w.org\/{rel}","templated":true}]}}