{"id":19872,"date":"2020-01-13T10:39:27","date_gmt":"2020-01-13T13:39:27","guid":{"rendered":"https:\/\/www.radioamigavallenar.cl\/?p=19872"},"modified":"2020-01-13T10:39:28","modified_gmt":"2020-01-13T13:39:28","slug":"sofia-cid-chile-necesita-cambios-hoy-y-el-proceso-constituyente-los-retrasaria","status":"publish","type":"post","link":"https:\/\/www.radioamigavallenar.cl\/?p=19872","title":{"rendered":"Sof\u00eda Cid: \u201cChile necesita cambios hoy y el proceso constituyente los retrasar\u00eda\u201d"},"content":{"rendered":"\n<div class=\"wp-block-image\"><figure class=\"aligncenter size-large\"><img loading=\"lazy\" decoding=\"async\" width=\"1024\" height=\"682\" src=\"https:\/\/www.radioamigavallenar.cl\/wp-content\/uploads\/2020\/01\/Sofia-Cid-Rechazo-1024x682.jpg\" alt=\"\" class=\"wp-image-19873\" srcset=\"https:\/\/www.radioamigavallenar.cl\/wp-content\/uploads\/2020\/01\/Sofia-Cid-Rechazo-1024x682.jpg 1024w, https:\/\/www.radioamigavallenar.cl\/wp-content\/uploads\/2020\/01\/Sofia-Cid-Rechazo-300x200.jpg 300w, https:\/\/www.radioamigavallenar.cl\/wp-content\/uploads\/2020\/01\/Sofia-Cid-Rechazo-768x512.jpg 768w, https:\/\/www.radioamigavallenar.cl\/wp-content\/uploads\/2020\/01\/Sofia-Cid-Rechazo.jpg 1280w\" sizes=\"auto, (max-width: 1024px) 100vw, 1024px\" \/><\/figure><\/div>\n\n\n\n<p>Para la diputada de RN Sof\u00eda Cid Versalovic \u201cno es el momento para un proceso constituyente. Por eso estoy, al igual que otros 20 diputados de mi partido, por rechazar en abril la propuesta de una nueva Constituci\u00f3n\u201d. Y as\u00ed lo hizo saber el grupo de congresistas hace unos d\u00edas en el Congreso Nacional, donde adelantaron que pronto presentar\u00e1n proyectos de reformas constitucionales que vayan en directo beneficio de todos los chilenos.<\/p>\n\n\n\n<p>\u201cHoy la ciudadan\u00eda est\u00e1 pidiendo respuestas r\u00e1pidas a sus demandas. La ciudadan\u00eda quiere mejores pensiones; mejores sueldos; un mejor sistema de salud; una educaci\u00f3n de calidad. Y esas necesidades requieren de una pronta soluci\u00f3n\u201d, aclar\u00f3 la parlamentaria Sof\u00eda Cid Versalovic, que lidera la centroderecha en Atacama. En ese sentido precis\u00f3 que abocarse los siguientes dos a\u00f1os en la construcci\u00f3n de una nueva Carta Magna, \u201csolo retrasar\u00eda lo que Chile est\u00e1 pidiendo, ahora. Hay que sacar adelante la Agenda Social, y eso no pasa por una hoja en blanco para una nueva Constituci\u00f3n que es como dar un salto al vac\u00edo\u201d.<\/p>\n\n\n\n<p>Record\u00f3 la diputada que el proyecto de Ley que busca mejorar las pensiones, \u201clleva m\u00e1s de un a\u00f1o en el Congreso y no se ha avanzado porque la oposici\u00f3n no ha llegado a acuerdos con el Ejecutivo. Una iniciativa que aumenta la competencia a las AFP y mejora las pensiones de la clase media\u201d.<\/p>\n\n\n\n<p>A esto se suma, seg\u00fan la diputada de RN, \u201cuna Constituci\u00f3n no se construye en un a\u00f1o o dos a\u00f1os. Periodo que nos dejar\u00eda a todos en una total incertidumbre y cambiando el foco de atenci\u00f3n de lo que realmente quiere la ciudadan\u00eda\u201d.<\/p>\n\n\n\n<p>Por \u00faltimo se\u00f1al\u00f3 que los hechos de violencia que algunos peque\u00f1os grupos, \u201clos que no son condenados por la oposici\u00f3n, son una muestra clara tambi\u00e9n de que no est\u00e1n las condiciones para llevar a cabo un proceso constituyente. Qu\u00e9 m\u00e1s evidente prueba que lo sucedido con la PSU, donde producto de la violencia de peque\u00f1os grupos, a miles de j\u00f3venes se les impidi\u00f3 concretar por ahora sus sue\u00f1os de ingresar a la universidad\u201d.<\/p>\n","protected":false},"excerpt":{"rendered":"<p>Para la diputada de RN Sof\u00eda Cid Versalovic \u201cno es el momento para un proceso constituyente. Por eso estoy, al igual que otros 20 diputados&hellip; <\/p>\n","protected":false},"author":2,"featured_media":19873,"comment_status":"open","ping_status":"closed","sticky":false,"template":"","format":"standard","meta":{"footnotes":""},"categories":[7],"tags":[],"class_list":["post-19872","post","type-post","status-publish","format-standard","has-post-thumbnail","hentry","category-atacama"],"_links":{"self":[{"href":"https:\/\/www.radioamigavallenar.cl\/index.php?rest_route=\/wp\/v2\/posts\/19872","targetHints":{"allow":["GET"]}}],"collection":[{"href":"https:\/\/www.radioamigavallenar.cl\/index.php?rest_route=\/wp\/v2\/posts"}],"about":[{"href":"https:\/\/www.radioamigavallenar.cl\/index.php?rest_route=\/wp\/v2\/types\/post"}],"author":[{"embeddable":true,"href":"https:\/\/www.radioamigavallenar.cl\/index.php?rest_route=\/wp\/v2\/users\/2"}],"replies":[{"embeddable":true,"href":"https:\/\/www.radioamigavallenar.cl\/index.php?rest_route=%2Fwp%2Fv2%2Fcomments&post=19872"}],"version-history":[{"count":0,"href":"https:\/\/www.radioamigavallenar.cl\/index.php?rest_route=\/wp\/v2\/posts\/19872\/revisions"}],"wp:featuredmedia":[{"embeddable":true,"href":"https:\/\/www.radioamigavallenar.cl\/index.php?rest_route=\/wp\/v2\/media\/19873"}],"wp:attachment":[{"href":"https:\/\/www.radioamigavallenar.cl\/index.php?rest_route=%2Fwp%2Fv2%2Fmedia&parent=19872"}],"wp:term":[{"taxonomy":"category","embeddable":true,"href":"https:\/\/www.radioamigavallenar.cl\/index.php?rest_route=%2Fwp%2Fv2%2Fcategories&post=19872"},{"taxonomy":"post_tag","embeddable":true,"href":"https:\/\/www.radioamigavallenar.cl\/index.php?rest_route=%2Fwp%2Fv2%2Ftags&post=19872"}],"curies":[{"name":"wp","href":"https:\/\/api.w.org\/{rel}","templated":true}]}}