{"id":19867,"date":"2020-01-13T00:01:00","date_gmt":"2020-01-13T03:01:00","guid":{"rendered":"https:\/\/www.radioamigavallenar.cl\/?p=19867"},"modified":"2020-01-12T21:09:57","modified_gmt":"2020-01-13T00:09:57","slug":"autoridad-sanitaria-continua-con-inspecciones-a-empresas-agricolas-en-atacama","status":"publish","type":"post","link":"https:\/\/www.radioamigavallenar.cl\/?p=19867","title":{"rendered":"Autoridad Sanitaria contin\u00faa con inspecciones a empresas agr\u00edcolas en Atacama"},"content":{"rendered":"\n<figure class=\"wp-block-image size-large\"><img loading=\"lazy\" decoding=\"async\" width=\"704\" height=\"641\" src=\"https:\/\/www.radioamigavallenar.cl\/wp-content\/uploads\/2020\/01\/15615616.jpg\" alt=\"\" class=\"wp-image-19868\" srcset=\"https:\/\/www.radioamigavallenar.cl\/wp-content\/uploads\/2020\/01\/15615616.jpg 704w, https:\/\/www.radioamigavallenar.cl\/wp-content\/uploads\/2020\/01\/15615616-300x273.jpg 300w\" sizes=\"auto, (max-width: 704px) 100vw, 704px\" \/><\/figure>\n\n\n\n<p>Este periodo del a\u00f1o en nuestra regi\u00f3n recibimos miles de trabajadores para la temporada de cosecha agr\u00edcola, es por ello que la Seremi de Salud, en su objetivo de cuidar la salud en el trabajo, realiza constantes fiscalizaciones a los predios agr\u00edcolas, constatando las condiciones laborales.<\/p>\n\n\n\n<p>La actividad de los trabajadores agr\u00edcolas de temporada representa en Atacama un grupo muy importante desde el punto de vista de la ocupaci\u00f3n laboral durante los meses de Octubre a Marzo.<\/p>\n\n\n\n<p>Es por ello, que el SEREMI de Salud (S), Bastian Hermosilla Noriega, se\u00f1al\u00f3 \u201cDentro de este contexto, es importante considerar que en esta alta tasa de ocupaci\u00f3n temporal existe una exposici\u00f3n laboral a diferentes agentes de riesgos como el sol, los plaguicidas, el trabajo repetitivo, los riesgos psicosociales, el trabajo a trato, la inestabilidad laboral y la doble presencia en las mujeres por su rol de madres y trabajadoras\u201d.<\/p>\n\n\n\n<p>Por lo anterior, se prioriza la fiscalizaci\u00f3n de empresas del rubro agr\u00edcola de toda la regi\u00f3n, especialmente en esta \u00e9poca de cosecha.<\/p>\n\n\n\n<p>Cabe destacar que durante el a\u00f1o 2019, se efectuaron 40 fiscalizaciones a instalaciones agr\u00edcolas en toda la regi\u00f3n, verificando el cumplimiento normativo de condiciones de higiene y seguridad, a empresas de gran tama\u00f1o, medianas y peque\u00f1as.<\/p>\n\n\n\n<p>En terreno se constata las condiciones de seguridad con el uso correcto de plaguicidas, enfatizando la revisi\u00f3n del uso de plaguicidas autorizados por el Servicio Agr\u00edcola y Ganadero, la disposici\u00f3n temporal y final de los residuos peligrosos y envases vac\u00edos generados en esta actividad.<\/p>\n\n\n\n<p>Finalmente, para cualquier duda llamar al SALUD RESPONDE 600-360-7777.<\/p>\n","protected":false},"excerpt":{"rendered":"<p>Este periodo del a\u00f1o en nuestra regi\u00f3n recibimos miles de trabajadores para la temporada de cosecha agr\u00edcola, es por ello que la Seremi de Salud,&hellip; <\/p>\n","protected":false},"author":2,"featured_media":19868,"comment_status":"open","ping_status":"closed","sticky":false,"template":"","format":"standard","meta":{"footnotes":""},"categories":[7],"tags":[],"class_list":["post-19867","post","type-post","status-publish","format-standard","has-post-thumbnail","hentry","category-atacama"],"_links":{"self":[{"href":"https:\/\/www.radioamigavallenar.cl\/index.php?rest_route=\/wp\/v2\/posts\/19867","targetHints":{"allow":["GET"]}}],"collection":[{"href":"https:\/\/www.radioamigavallenar.cl\/index.php?rest_route=\/wp\/v2\/posts"}],"about":[{"href":"https:\/\/www.radioamigavallenar.cl\/index.php?rest_route=\/wp\/v2\/types\/post"}],"author":[{"embeddable":true,"href":"https:\/\/www.radioamigavallenar.cl\/index.php?rest_route=\/wp\/v2\/users\/2"}],"replies":[{"embeddable":true,"href":"https:\/\/www.radioamigavallenar.cl\/index.php?rest_route=%2Fwp%2Fv2%2Fcomments&post=19867"}],"version-history":[{"count":0,"href":"https:\/\/www.radioamigavallenar.cl\/index.php?rest_route=\/wp\/v2\/posts\/19867\/revisions"}],"wp:featuredmedia":[{"embeddable":true,"href":"https:\/\/www.radioamigavallenar.cl\/index.php?rest_route=\/wp\/v2\/media\/19868"}],"wp:attachment":[{"href":"https:\/\/www.radioamigavallenar.cl\/index.php?rest_route=%2Fwp%2Fv2%2Fmedia&parent=19867"}],"wp:term":[{"taxonomy":"category","embeddable":true,"href":"https:\/\/www.radioamigavallenar.cl\/index.php?rest_route=%2Fwp%2Fv2%2Fcategories&post=19867"},{"taxonomy":"post_tag","embeddable":true,"href":"https:\/\/www.radioamigavallenar.cl\/index.php?rest_route=%2Fwp%2Fv2%2Ftags&post=19867"}],"curies":[{"name":"wp","href":"https:\/\/api.w.org\/{rel}","templated":true}]}}