{"id":19858,"date":"2020-01-11T10:00:51","date_gmt":"2020-01-11T13:00:51","guid":{"rendered":"https:\/\/www.radioamigavallenar.cl\/?p=19858"},"modified":"2020-01-11T10:00:53","modified_gmt":"2020-01-11T13:00:53","slug":"anuncian-fechas-para-consulta-ciudadana-de-discriminacion-en-atacama","status":"publish","type":"post","link":"https:\/\/www.radioamigavallenar.cl\/?p=19858","title":{"rendered":"Anuncian fechas para Consulta Ciudadana de Discriminaci\u00f3n en Atacama"},"content":{"rendered":"\n<figure class=\"wp-block-image size-large\"><img loading=\"lazy\" decoding=\"async\" width=\"750\" height=\"400\" src=\"https:\/\/www.radioamigavallenar.cl\/wp-content\/uploads\/2020\/01\/2da-Consulta-Ciudadana.jpg\" alt=\"\" class=\"wp-image-19859\" srcset=\"https:\/\/www.radioamigavallenar.cl\/wp-content\/uploads\/2020\/01\/2da-Consulta-Ciudadana.jpg 750w, https:\/\/www.radioamigavallenar.cl\/wp-content\/uploads\/2020\/01\/2da-Consulta-Ciudadana-300x160.jpg 300w\" sizes=\"auto, (max-width: 750px) 100vw, 750px\" \/><\/figure>\n\n\n\n<p><strong>Paipote, la plaza de armas de Copiap\u00f3 y ferias en la provincia de Huasco, ser\u00e1n algunos de puntos de encuentro entre la ciudadan\u00eda y el Gobierno para realizar la encuesta que se enmarca en la campa\u00f1a #YoTeRespeto.<\/strong><\/p>\n\n\n\n<p>La Secretaria Regional Ministerial de Gobierno, Mar\u00eda Francisca Plaza, se despleg\u00f3 por las &nbsp;comunas de Alto del Carmen y Cha\u00f1aral, para dialogar con una gran cantidad de dirigentes sociales y explicarles los avances de la Nueva Agenda Social, las proyecciones del Gobierno en materia de salud, educaci\u00f3n, viviendas, por nombrar algunos ejemplos y los alcances y detalles de la Segunda Consulta Ciudadana de Discriminaci\u00f3n, impulsada por la administraci\u00f3n Pi\u00f1era.<\/p>\n\n\n\n<p>La Segunda Consulta Ciudadana de Discriminaci\u00f3n es de car\u00e1cter nacional, voluntaria, an\u00f3nima y no vinculante, y tiene por objetivo actualizar la percepci\u00f3n y concientizar a la ciudadan\u00eda sobre la discriminaci\u00f3n en el pa\u00eds. Estar\u00e1 disponible durante 30 d\u00edas en el sitio web www.yoterespeto.cl en espa\u00f1ol, mapudung\u00fan, aymara, rapanui y kreyol y para ingresar a la encuesta s\u00f3lo se necesita el rut y la clave \u00fanica. En todo el territorio nacional en formato f\u00edsico estar\u00e1 disponible en espa\u00f1ol.<\/p>\n\n\n\n<p>En este marco, la Seremi de Gobierno, afirm\u00f3 que \u201cen Atacama nos vamos acercar a las personas y a los territorios. Vamos a ir a diferentes zonas con el cuestionario en formato de papel y dispondremos de un stand para que las personas con l\u00e1piz en mano, puedan realizar esta Segunda Consulta Ciudadana de Discriminaci\u00f3n. El cuestionario tiene un total de 15 preguntas cerradas, id\u00e9nticas a las de la consulta anterior, que fue desarrollada en el a\u00f1o 2013\u201d.<\/p>\n\n\n\n<p>Por su parte, el Gobernador de la Provincia de Cha\u00f1aral, Ignacio Urcull\u00fa, declar\u00f3 que \u201cdurante la visita de la Seremi de Gobierno aprovechamos de realizar una sensibilizaci\u00f3n de la campa\u00f1a Yo Te Respeto, que es la Segunda Consulta Ciudadana de Discriminaci\u00f3n para saber m\u00e1s detalles de la Ley Zamudio y trabajar para perfeccionarla.&nbsp; Esto nos tiene muy contentos, porque estamos dando espacio libres para que los vecinos y vecinas puedan dialogar sobre sus inter\u00e9s y requerimientos\u201d<\/p>\n\n\n\n<p>\u201cA trav\u00e9s de la campa\u00f1a Yo Te Respeto, nuestro Gobierno impulsa la Segunda&nbsp; Consulta Ciudadana de Discriminaci\u00f3n, cuyo objetivo principal es conocer las experiencias y opiniones de los ciudadanos en torno a la discriminaci\u00f3n arbitraria y as\u00ed perfeccionar la Ley Antidiscriminaci\u00f3n o m\u00e1s conocida Ley Zamudio\u201d, concluy\u00f3 la seremi Plaza.<\/p>\n\n\n\n<p class=\"has-text-align-center\"><strong>Pr\u00f3ximas fechas y encuentros con ciudadan\u00eda<\/strong><\/p>\n\n\n\n<p>Durante el mes de enero del presente a\u00f1o, la autoridad realizar\u00e1 un despliegue para ir directamente a las comunidades y sus territorios.&nbsp; El objetivo es entregarles la encuesta en terreno (en papel), para que la ciudadan\u00eda pueda analizar y responder las preguntas. Para precisar los detalles, el llamado es a estar atento a las redes sociales de la Secretaria Regional Ministerial de Gobierno (Facebook: Seremi Gobierno Atacama, twitter: @SegegobAtacama y el instagram: @SegegobAtacama). Las fechas y zonas donde se realizar\u00e1 la Segunda Consulta Ciudadana de Discriminaci\u00f3n son:<\/p>\n\n\n\n<p>Martes 14 de Enero: Tierra Amarilla<\/p>\n\n\n\n<p>Mi\u00e9rcoles 15 de enero: Vallenar.<\/p>\n\n\n\n<p>Jueves 16 de enero: Plaza de Paipote.<\/p>\n\n\n\n<p>S\u00e1bado 18 de enero: Bah\u00eda Inglesa.<\/p>\n\n\n\n<p>Martes 21 de enero: Feria sector Torre Blanca, Vallenar.<\/p>\n\n\n\n<p>Mi\u00e9rcoles 22 de enero: Feria de sector Parque Schneider, Copiap\u00f3.<\/p>\n","protected":false},"excerpt":{"rendered":"<p>Paipote, la plaza de armas de Copiap\u00f3 y ferias en la provincia de Huasco, ser\u00e1n algunos de puntos de encuentro entre la ciudadan\u00eda y el&hellip; <\/p>\n","protected":false},"author":2,"featured_media":19859,"comment_status":"open","ping_status":"closed","sticky":false,"template":"","format":"standard","meta":{"footnotes":""},"categories":[7,1,2],"tags":[],"class_list":["post-19858","post","type-post","status-publish","format-standard","has-post-thumbnail","hentry","category-atacama","category-provincia-del-huasco-2","category-vallenar"],"_links":{"self":[{"href":"https:\/\/www.radioamigavallenar.cl\/index.php?rest_route=\/wp\/v2\/posts\/19858","targetHints":{"allow":["GET"]}}],"collection":[{"href":"https:\/\/www.radioamigavallenar.cl\/index.php?rest_route=\/wp\/v2\/posts"}],"about":[{"href":"https:\/\/www.radioamigavallenar.cl\/index.php?rest_route=\/wp\/v2\/types\/post"}],"author":[{"embeddable":true,"href":"https:\/\/www.radioamigavallenar.cl\/index.php?rest_route=\/wp\/v2\/users\/2"}],"replies":[{"embeddable":true,"href":"https:\/\/www.radioamigavallenar.cl\/index.php?rest_route=%2Fwp%2Fv2%2Fcomments&post=19858"}],"version-history":[{"count":0,"href":"https:\/\/www.radioamigavallenar.cl\/index.php?rest_route=\/wp\/v2\/posts\/19858\/revisions"}],"wp:featuredmedia":[{"embeddable":true,"href":"https:\/\/www.radioamigavallenar.cl\/index.php?rest_route=\/wp\/v2\/media\/19859"}],"wp:attachment":[{"href":"https:\/\/www.radioamigavallenar.cl\/index.php?rest_route=%2Fwp%2Fv2%2Fmedia&parent=19858"}],"wp:term":[{"taxonomy":"category","embeddable":true,"href":"https:\/\/www.radioamigavallenar.cl\/index.php?rest_route=%2Fwp%2Fv2%2Fcategories&post=19858"},{"taxonomy":"post_tag","embeddable":true,"href":"https:\/\/www.radioamigavallenar.cl\/index.php?rest_route=%2Fwp%2Fv2%2Ftags&post=19858"}],"curies":[{"name":"wp","href":"https:\/\/api.w.org\/{rel}","templated":true}]}}