{"id":19842,"date":"2020-01-11T00:01:00","date_gmt":"2020-01-11T03:01:00","guid":{"rendered":"https:\/\/www.radioamigavallenar.cl\/?p=19842"},"modified":"2020-01-10T22:26:36","modified_gmt":"2020-01-11T01:26:36","slug":"trabajadoras-se-capacitan-para-el-programa-vacaciones-en-mi-jardin-de-fundacion-integra","status":"publish","type":"post","link":"https:\/\/www.radioamigavallenar.cl\/?p=19842","title":{"rendered":"Trabajadoras se capacitan para el programa \u201cVacaciones en mi jard\u00edn\u201d de Fundaci\u00f3n Integra"},"content":{"rendered":"\n<figure class=\"wp-block-image size-large\"><img loading=\"lazy\" decoding=\"async\" width=\"800\" height=\"533\" src=\"https:\/\/www.radioamigavallenar.cl\/wp-content\/uploads\/2020\/01\/integra-2-800x533-1.jpg\" alt=\"\" class=\"wp-image-19843\" srcset=\"https:\/\/www.radioamigavallenar.cl\/wp-content\/uploads\/2020\/01\/integra-2-800x533-1.jpg 800w, https:\/\/www.radioamigavallenar.cl\/wp-content\/uploads\/2020\/01\/integra-2-800x533-1-300x200.jpg 300w, https:\/\/www.radioamigavallenar.cl\/wp-content\/uploads\/2020\/01\/integra-2-800x533-1-768x512.jpg 768w\" sizes=\"auto, (max-width: 800px) 100vw, 800px\" \/><\/figure>\n\n\n\n<p>Educadoras de p\u00e1rvulos, agentes educativas y auxiliares de servicio participaron de una formaci\u00f3n te\u00f3rica y pr\u00e1ctica durante una semana, con el objetivo de fortalecer sus saberes y potenciar sus habilidades y talentos para llevar a cabo el programa \u201cVacaciones en mi jard\u00edn\u201d (VEMJ) de Fundaci\u00f3n Integra, que beneficiar\u00e1 a 36 lactantes y 64 p\u00e1rvulos y sus familias de las comunas de Copiap\u00f3 y Vallenar en el periodo estival.<\/p>\n\n\n\n<p>Patricia Espinoza, directora regional de Fundaci\u00f3n Integra se\u00f1al\u00f3 que \u00abestamos muy felices por el compromiso y la motivaci\u00f3n que han demostrado las trabajadoras en esta oportunidad de capacitaci\u00f3n, donde han tenido la posibilidad de fortalecer sus conocimientos en \u00e1mbitos pedag\u00f3gicos, de promoci\u00f3n y protecci\u00f3n de la infancia y procedimientos institucionales. Lo anterior, con la finalidad primordial de brindarle un espacio de recreaci\u00f3n y juego a los 100 ni\u00f1os y ni\u00f1as que participar\u00e1n en experiencias y actividades l\u00fadicas\u201d.<\/p>\n\n\n\n<p>La capacitaci\u00f3n a los equipos educativos, que se desempe\u00f1ar\u00e1n en los jardines infantiles y salas cunas Las Campanitas y Los Arbolitos de Fundaci\u00f3n Integra, fue llevada a cabo por profesionales de los distintos departamentos de la instituci\u00f3n. De esta manera, se propiciaron estrategias y herramientas para que las trabajadoras puedan realizar los objetivos propuestos de la iniciativa, donde se dispondr\u00e1n de diversos materiales did\u00e1cticos y fungibles.<\/p>\n\n\n\n<p>Nathaly Rivera, directora del programa VEMJ en Los Arbolitos, coment\u00f3 que \u201ctengo mucho entusiasmo para comenzar este desaf\u00edo, ya que en experiencias anteriores hemos tenido muy buenos resultados\u201d. De igual manera, precis\u00f3 que \u201clo principal es que los ni\u00f1os y las ni\u00f1as est\u00e9n felices durante estas vacaciones, en un ambiente acogedor y en un espacio propicio, donde tambi\u00e9n es importante crear lazos con las familias, de seguridad y confianza. Ser\u00e1 una bonita experiencia para todos, de mucho juego y diversi\u00f3n\u201d.<\/p>\n\n\n\n<p>Por su parte, Carolina Gonz\u00e1lez, agente educativa del programa VEMJ en Las Campanitas, indic\u00f3 \u201cesta capacitaci\u00f3n nos sirve mucho porque nos prepara y nos permite resolver nuestras dudas e inquietudes. Esto nos hace crecer como profesionales. Este es mi segundo a\u00f1o participando en el programa, espero que sea muy grato el desaf\u00edo, donde queremos darle la seguridad a las familias que los ni\u00f1os y ni\u00f1as estar\u00e1n y la pasar\u00e1n muy bien\u201d.<\/p>\n\n\n\n<p>Por \u00faltimo, cabe se\u00f1alar que el programa adem\u00e1s de entregar experiencias recreativas y l\u00fadicas a los ni\u00f1os y las ni\u00f1as, busca tambi\u00e9n brindar apoyo a los padres y apoderados que trabajan en el periodo estival para que puedan contar con un espacio de bienestar y seguridad para sus hijos e hijas.<\/p>\n","protected":false},"excerpt":{"rendered":"<p>Educadoras de p\u00e1rvulos, agentes educativas y auxiliares de servicio participaron de una formaci\u00f3n te\u00f3rica y pr\u00e1ctica durante una semana, con el objetivo de fortalecer sus&hellip; <\/p>\n","protected":false},"author":2,"featured_media":19843,"comment_status":"open","ping_status":"closed","sticky":false,"template":"","format":"standard","meta":{"footnotes":""},"categories":[7,37],"tags":[],"class_list":["post-19842","post","type-post","status-publish","format-standard","has-post-thumbnail","hentry","category-atacama","category-nacional"],"_links":{"self":[{"href":"https:\/\/www.radioamigavallenar.cl\/index.php?rest_route=\/wp\/v2\/posts\/19842","targetHints":{"allow":["GET"]}}],"collection":[{"href":"https:\/\/www.radioamigavallenar.cl\/index.php?rest_route=\/wp\/v2\/posts"}],"about":[{"href":"https:\/\/www.radioamigavallenar.cl\/index.php?rest_route=\/wp\/v2\/types\/post"}],"author":[{"embeddable":true,"href":"https:\/\/www.radioamigavallenar.cl\/index.php?rest_route=\/wp\/v2\/users\/2"}],"replies":[{"embeddable":true,"href":"https:\/\/www.radioamigavallenar.cl\/index.php?rest_route=%2Fwp%2Fv2%2Fcomments&post=19842"}],"version-history":[{"count":0,"href":"https:\/\/www.radioamigavallenar.cl\/index.php?rest_route=\/wp\/v2\/posts\/19842\/revisions"}],"wp:featuredmedia":[{"embeddable":true,"href":"https:\/\/www.radioamigavallenar.cl\/index.php?rest_route=\/wp\/v2\/media\/19843"}],"wp:attachment":[{"href":"https:\/\/www.radioamigavallenar.cl\/index.php?rest_route=%2Fwp%2Fv2%2Fmedia&parent=19842"}],"wp:term":[{"taxonomy":"category","embeddable":true,"href":"https:\/\/www.radioamigavallenar.cl\/index.php?rest_route=%2Fwp%2Fv2%2Fcategories&post=19842"},{"taxonomy":"post_tag","embeddable":true,"href":"https:\/\/www.radioamigavallenar.cl\/index.php?rest_route=%2Fwp%2Fv2%2Ftags&post=19842"}],"curies":[{"name":"wp","href":"https:\/\/api.w.org\/{rel}","templated":true}]}}