{"id":19824,"date":"2020-01-11T00:00:00","date_gmt":"2020-01-11T03:00:00","guid":{"rendered":"https:\/\/www.radioamigavallenar.cl\/?p=19824"},"modified":"2020-01-10T22:15:25","modified_gmt":"2020-01-11T01:15:25","slug":"historica-operacion-permite-que-estudiantes-de-atacama-recuperen-su-audicion","status":"publish","type":"post","link":"https:\/\/www.radioamigavallenar.cl\/?p=19824","title":{"rendered":"Hist\u00f3rica operaci\u00f3n permite que estudiantes de Atacama recuperen su audici\u00f3n"},"content":{"rendered":"\n<div class=\"wp-block-image\"><figure class=\"aligncenter size-large\"><img loading=\"lazy\" decoding=\"async\" width=\"541\" height=\"450\" src=\"https:\/\/www.radioamigavallenar.cl\/wp-content\/uploads\/2020\/01\/jhhjhhh.png\" alt=\"\" class=\"wp-image-19825\" srcset=\"https:\/\/www.radioamigavallenar.cl\/wp-content\/uploads\/2020\/01\/jhhjhhh.png 541w, https:\/\/www.radioamigavallenar.cl\/wp-content\/uploads\/2020\/01\/jhhjhhh-300x250.png 300w\" sizes=\"auto, (max-width: 541px) 100vw, 541px\" \/><\/figure><\/div>\n\n\n\n<p class=\"has-text-align-center\"><strong>Gracias a implantes entregados por el Gobierno<\/strong><\/p>\n\n\n\n<p>A mediod\u00eda de este viernes, cuando Guillermo Contreras y Juan Altamirano salieron del Hospital Regional San Jos\u00e9 del Carmen de Copiap\u00f3 ya nada era como antes. Por primera vez pudieron escuchar el motor de los autos y el ladrido de los perros de la calle gracias al encendido del nuevo implante&nbsp;<em>bonebridge&nbsp;<\/em>que recibieron gracias a Junaeb y el convenio de cooperaci\u00f3n efectuado con el Servicio de Salud de Atacama.<\/p>\n\n\n\n<p>A ellos se suma la joven Millaray Mart\u00ednez, de 18 a\u00f1os, quien acaba de egresar del colegio y podr\u00e1 recambiar su dispositivo de manera gratuita; y tambi\u00e9n Perla Tapia, que tiene 16 a\u00f1os y pas\u00f3 a tercero medio, gracias a esto podr\u00e1n ingresar a la educaci\u00f3n superior sin la barrera que suponen los problemas de audici\u00f3n.<\/p>\n\n\n\n<p>El acuerdo entre ambos servicios p\u00fablicos permite que Atacama sea la \u00fanica regi\u00f3n de la zona norte del pa\u00eds en que se realiza este tipo de implantes auditivos de \u00faltima generaci\u00f3n, que permite que ni\u00f1os con hipoacusia desde moderada a profunda puedan escuchar. La actividad de encendido y calibraci\u00f3n de los aparatos estuvo encabezada por el Intendente de Atacama, Patricio Urquieta, junto al Director Nacional de la Junaeb, Jaime Toh\u00e1, el Director del Servicio de Salud, Claudio Baeza y el Director del Hospital, Dr. Mario Sotomayor.<\/p>\n\n\n\n<p>El Intendente de Atacama, Patricio Urquieta, dijo que \u201ceste es un d\u00eda hist\u00f3rico en el que el esfuerzo conjunto con dos instituciones como es Junaeb y el Servicio de Salud se ha visto fortalecido. Esto significa, primero, que estamos brindando una igualdad de oportunidades para todos para que puedan desplegar y desarrollar todos sus talentos en plenitud en la etapa escolar y mejorar la calidad de vida tanto de ellos como de sus familias; y en segundo lugar, creo que es muy importante destacar la unidad de los esfuerzos que han permitido que entre dos servicios p\u00fablicos se haya podido dar una oportunidad para que quienes no pod\u00edan escuchar, lo puedan hacer y de esa manera comenzar a tener una vida mucho m\u00e1s feliz\u201d.<\/p>\n\n\n\n<p>Asimismo la primera autoridad regional destac\u00f3 que \u201cestamos en uno de los procesos m\u00e1s importantes que ha vivido tanto la Regi\u00f3n de Atacama a nivel de prestaciones de salud porque es el primero en su tipo que se realiza en la zona norte, y esto nos ha permitido convertirnos&nbsp; en uno de los destinatarios eventualmente en el futuro de nuevos pacientes que, con las mismas patolog\u00edas,&nbsp; puedan ser tratados aqu\u00ed a fin de poder lograr tener una red asistencial mucho m\u00e1s potente, que brinde mejores posibilidades de atenci\u00f3n en el \u00e1mbito de la salud\u201d.<\/p>\n\n\n\n<p>Junaeb financia estas intervenciones a estudiantes entre primero b\u00e1sico y cuarto medio, con el objetivo de eliminar barreras de salud que les impidan desarrollar sus capacidades en el sistema educacional.<\/p>\n\n\n\n<p>\u201cHoy estamos realizando el encendido de los primeros implantes que hemos entregado aqu\u00ed en la regi\u00f3n, gracias al reciente convenio que firmamos junto al Servicio de Salud Atacama. Estamos felices de poder aportar en la calidad de vida de estos cuatro estudiantes, que ahora podr\u00e1n acceder a la educaci\u00f3n en mejores condiciones, que es nuestra misi\u00f3n como organismo dependiente del Ministerio de Educaci\u00f3n\u201d, explic\u00f3 el director de Junaeb, Jaime Toh\u00e1.<\/p>\n\n\n\n<p>El Director del Servicio de Salud, Claudio Baeza, dijo que \u201ces un tremendo orgullo lo que hemos desarrollado hoy, poder comprometernos y poder cumplir un compromiso con las familias de los ni\u00f1os que se operaron y cambiarles la vida. Cuatro en total fueron los beneficiados, dos de Copiap\u00f3 y dos de Vallenar. Nos comprometimos y hemos cumplido, pero adem\u00e1s se refleja el esfuerzo y dedicaci\u00f3n para mejorar la calidad de vida y salud de nuestra regi\u00f3n. Tremendo orgullo, desaf\u00edo y compromiso que se basa en la convicci\u00f3n de que somos capaces&nbsp; de responder a las necesidades que tienen nuestros usuarios\u201d.<\/p>\n\n\n\n<p>Los implantes&nbsp;<em>bonebridge&nbsp;<\/em>o de conducci\u00f3n \u00f3sea, incorporan la \u00faltima tecnolog\u00eda disponible a nivel mundial, y permiten que las ondas de sonido se transmitan directamente al o\u00eddo interno, donde se procesan como sonidos naturales. La intervenci\u00f3n permite que menores que nacen con malformaciones o desarrollo incompleto del conducto auditivo (o\u00eddo externo, medio y a veces interno), puedan superar la obstrucci\u00f3n que presentan, y de esta manera el sonido logra llegar al o\u00eddo interno.<\/p>\n\n\n\n<p>\u201cNosotros tuvimos una muy buena experiencia, recibimos mucha ayuda de la doctora y el equipo cl\u00ednico del Hospital Regional de Copiap\u00f3 y nos apoyaron bastante. El Guille (hijo) casi no not\u00f3 el proceso, no fue invasivo por lo que como mam\u00e1 esto fue fant\u00e1stico. Gracias a esta operaci\u00f3n, \u00e9l est\u00e1 muy feliz, es una muy buena experiencia. Estoy muy agradecida. Mi hijo reacciono s\u00faper bien, ten\u00eda una capacidad auditiva muy severa desde que naci\u00f3 y con el encendido realizado hoy est\u00e1 muy contento y emocionado\u201d dijo Rosa Saavedra, madre de Guillermo Contreras.<\/p>\n\n\n\n<p>Junaeb ya ha financiado 110 intervenciones quir\u00fargicas de este tipo en los \u00faltimos 28 a\u00f1os, las que se realizan en el hospital Luis Calvo Mackenna en Santiago, y en el hospital regional de Concepci\u00f3n, Dr. Guillermo Grant Benavente, en un esfuerzo conjunto entre el Ministerio de Educaci\u00f3n y el Ministerio de Salud.<\/p>\n","protected":false},"excerpt":{"rendered":"<p>Gracias a implantes entregados por el Gobierno A mediod\u00eda de este viernes, cuando Guillermo Contreras y Juan Altamirano salieron del Hospital Regional San Jos\u00e9 del&hellip; <\/p>\n","protected":false},"author":2,"featured_media":19825,"comment_status":"open","ping_status":"closed","sticky":false,"template":"","format":"standard","meta":{"footnotes":""},"categories":[7],"tags":[],"class_list":["post-19824","post","type-post","status-publish","format-standard","has-post-thumbnail","hentry","category-atacama"],"_links":{"self":[{"href":"https:\/\/www.radioamigavallenar.cl\/index.php?rest_route=\/wp\/v2\/posts\/19824","targetHints":{"allow":["GET"]}}],"collection":[{"href":"https:\/\/www.radioamigavallenar.cl\/index.php?rest_route=\/wp\/v2\/posts"}],"about":[{"href":"https:\/\/www.radioamigavallenar.cl\/index.php?rest_route=\/wp\/v2\/types\/post"}],"author":[{"embeddable":true,"href":"https:\/\/www.radioamigavallenar.cl\/index.php?rest_route=\/wp\/v2\/users\/2"}],"replies":[{"embeddable":true,"href":"https:\/\/www.radioamigavallenar.cl\/index.php?rest_route=%2Fwp%2Fv2%2Fcomments&post=19824"}],"version-history":[{"count":0,"href":"https:\/\/www.radioamigavallenar.cl\/index.php?rest_route=\/wp\/v2\/posts\/19824\/revisions"}],"wp:featuredmedia":[{"embeddable":true,"href":"https:\/\/www.radioamigavallenar.cl\/index.php?rest_route=\/wp\/v2\/media\/19825"}],"wp:attachment":[{"href":"https:\/\/www.radioamigavallenar.cl\/index.php?rest_route=%2Fwp%2Fv2%2Fmedia&parent=19824"}],"wp:term":[{"taxonomy":"category","embeddable":true,"href":"https:\/\/www.radioamigavallenar.cl\/index.php?rest_route=%2Fwp%2Fv2%2Fcategories&post=19824"},{"taxonomy":"post_tag","embeddable":true,"href":"https:\/\/www.radioamigavallenar.cl\/index.php?rest_route=%2Fwp%2Fv2%2Ftags&post=19824"}],"curies":[{"name":"wp","href":"https:\/\/api.w.org\/{rel}","templated":true}]}}