{"id":19819,"date":"2020-01-10T13:17:22","date_gmt":"2020-01-10T16:17:22","guid":{"rendered":"https:\/\/www.radioamigavallenar.cl\/?p=19819"},"modified":"2020-01-10T13:17:23","modified_gmt":"2020-01-10T16:17:23","slug":"senadora-provoste-cubillos-ha-estado-ausente-y-en-un-boicot-permanente-a-reformas-educativas","status":"publish","type":"post","link":"https:\/\/www.radioamigavallenar.cl\/?p=19819","title":{"rendered":"Senadora Provoste: Cubillos ha estado ausente y en un boicot permanente a reformas educativas"},"content":{"rendered":"\n<figure class=\"wp-block-image size-large\"><img loading=\"lazy\" decoding=\"async\" width=\"1024\" height=\"576\" src=\"https:\/\/www.radioamigavallenar.cl\/wp-content\/uploads\/2020\/01\/provoste-2020-1024x576.jpg\" alt=\"\" class=\"wp-image-19820\" srcset=\"https:\/\/www.radioamigavallenar.cl\/wp-content\/uploads\/2020\/01\/provoste-2020-1024x576.jpg 1024w, https:\/\/www.radioamigavallenar.cl\/wp-content\/uploads\/2020\/01\/provoste-2020-300x169.jpg 300w, https:\/\/www.radioamigavallenar.cl\/wp-content\/uploads\/2020\/01\/provoste-2020-768x432.jpg 768w, https:\/\/www.radioamigavallenar.cl\/wp-content\/uploads\/2020\/01\/provoste-2020.jpg 1130w\" sizes=\"auto, (max-width: 1024px) 100vw, 1024px\" \/><\/figure>\n\n\n\n<p><strong>La parlamentaria DC cuestion\u00f3 el rol de la titular del Mineduc en la crisis por la PSU.<\/strong><\/p>\n\n\n\n<p>La senadora\u00a0Yasna Provoste\u00a0(DC) critic\u00f3 el rol que ha tenido la ministra de Educaci\u00f3n\u00a0Marcela Cubillos\u00a0durante la crisis de la PSU y durante toda su estad\u00eda en el Mineduc.<\/p>\n\n\n\n<p>La parlamentaria cuestion\u00f3 adem\u00e1s la falta de dialogo de la secretaria de Estado con los estudiantes.<\/p>\n\n\n\n<p>\u00abEs dif\u00edcil aislar esta semana en el rol de ella, porque ella ha estado absolutamente ausente no solo en esta semana en el drama que se ha vivido para muchas familias respecto a la PSU,<strong>&nbsp;ella ha estado ausente y en un boicot permanente a las reformas educativas<\/strong>\u00ab, dijo la parlamentaria<\/p>\n\n\n\n<p><strong>\u00abMe llama mucho la atenci\u00f3n y durante todo este tiempo nunca he visto una disposici\u00f3n de di\u00e1logo<\/strong>&nbsp;con quienes son actores relevantes. Si los actores relevantes no son solo los sostenedores, con los que gusta reunirse a la ministra. Aqu\u00ed tambi\u00e9n son los estudiantes y la diversidad de los estudiantes y no he visto ning\u00fan espacio de acercamiento, de b\u00fasqueda de di\u00e1logo, de conversaci\u00f3n\u00bb, a\u00f1adi\u00f3 la senadora.<\/p>\n\n\n\n<p>En cuanto al boicot que sufri\u00f3 la PSU, la ex ministra de Educaci\u00f3n lament\u00f3 los hechos de violencia y que j\u00f3venes no pudieran rendir la prueba con normalidad y asegur\u00f3 que la decisi\u00f3n del CRUCh de suspender la prueba de Historia y Geograf\u00eda y Ciencias Sociales busca resolver una situaci\u00f3n compleja.<\/p>\n\n\n\n<p><strong>\u00abMe parece que es una decisi\u00f3n que busca resolver una situaci\u00f3n compleja,<\/strong>&nbsp;m\u00e1s all\u00e1 de los cuestionamientos, que muchos compartimos, respecto al sesgo que tiene la PSU, pues basta saber donde uno vive, en qu\u00e9 colegio estudio, el ingreso socioecon\u00f3mico de la familia, para predecir el resultado, salvo honrosa excepciones\u00bb, plante\u00f3 Provoste.<\/p>\n\n\n\n<p><strong>\u00abLa PSU es un problema,<\/strong>&nbsp;dicho por los mismos autores y constructores, no es el mejor predictor del \u00e9xito acad\u00e9mico y m\u00e1s all\u00e1 de los cuestionamientos, lo que no nos parece es la violencia que se ha generado para impedir a muchos j\u00f3venes que quer\u00edan rendir voluntariamente la PSU\u00bb, a\u00f1adi\u00f3.<\/p>\n\n\n\n<p>Asimismo, la parlamentaria critic\u00f3 la decisi\u00f3n del Gobierno de invocar la ley de seguridad interior del Estado contra los dirigentes estudiantiles de la ACES.<\/p>\n\n\n\n<p><strong>\u00abInvocar la ley de seguridad de interior del Estado contra menores de edad, yo no tengo recuerdos<\/strong>. Esto es bien complejo porque en una sociedad donde se busca proteger a ni\u00f1os ni\u00f1as y adolescentes, donde la educaci\u00f3n es el veh\u00edculo m\u00e1s importante mediante el cual se transmiten los valores en los que se funda una sociedad, lo que hemos visto de este Gobierno y particularmente de la ministra Cubillos es que el \u00fanico libreto que ella conoce es la violencia y la provocaci\u00f3n a las comunidades educativas, a los estudiantes\u00bb, concluy\u00f3.<\/p>\n","protected":false},"excerpt":{"rendered":"<p>La parlamentaria DC cuestion\u00f3 el rol de la titular del Mineduc en la crisis por la PSU. La senadora\u00a0Yasna Provoste\u00a0(DC) critic\u00f3 el rol que ha&hellip; <\/p>\n","protected":false},"author":2,"featured_media":19820,"comment_status":"open","ping_status":"closed","sticky":false,"template":"","format":"standard","meta":{"footnotes":""},"categories":[7,37],"tags":[],"class_list":["post-19819","post","type-post","status-publish","format-standard","has-post-thumbnail","hentry","category-atacama","category-nacional"],"_links":{"self":[{"href":"https:\/\/www.radioamigavallenar.cl\/index.php?rest_route=\/wp\/v2\/posts\/19819","targetHints":{"allow":["GET"]}}],"collection":[{"href":"https:\/\/www.radioamigavallenar.cl\/index.php?rest_route=\/wp\/v2\/posts"}],"about":[{"href":"https:\/\/www.radioamigavallenar.cl\/index.php?rest_route=\/wp\/v2\/types\/post"}],"author":[{"embeddable":true,"href":"https:\/\/www.radioamigavallenar.cl\/index.php?rest_route=\/wp\/v2\/users\/2"}],"replies":[{"embeddable":true,"href":"https:\/\/www.radioamigavallenar.cl\/index.php?rest_route=%2Fwp%2Fv2%2Fcomments&post=19819"}],"version-history":[{"count":0,"href":"https:\/\/www.radioamigavallenar.cl\/index.php?rest_route=\/wp\/v2\/posts\/19819\/revisions"}],"wp:featuredmedia":[{"embeddable":true,"href":"https:\/\/www.radioamigavallenar.cl\/index.php?rest_route=\/wp\/v2\/media\/19820"}],"wp:attachment":[{"href":"https:\/\/www.radioamigavallenar.cl\/index.php?rest_route=%2Fwp%2Fv2%2Fmedia&parent=19819"}],"wp:term":[{"taxonomy":"category","embeddable":true,"href":"https:\/\/www.radioamigavallenar.cl\/index.php?rest_route=%2Fwp%2Fv2%2Fcategories&post=19819"},{"taxonomy":"post_tag","embeddable":true,"href":"https:\/\/www.radioamigavallenar.cl\/index.php?rest_route=%2Fwp%2Fv2%2Ftags&post=19819"}],"curies":[{"name":"wp","href":"https:\/\/api.w.org\/{rel}","templated":true}]}}